{"id":163822,"date":"2025-12-28T10:06:59","date_gmt":"2025-12-28T09:06:59","guid":{"rendered":"https:\/\/cyclingpro.net\/velopro\/uncategorized\/sante-mentale-lavis-de-joxean-matxin-les-jeunes-sont-aujourdhui-plus-conscients-ils-savent-ce-quils-veulent-et-ce-quils-ne-veulent-pas\/"},"modified":"2025-12-28T10:06:59","modified_gmt":"2025-12-28T09:06:59","slug":"sante-mentale-lavis-de-joxean-matxin-les-jeunes-sont-aujourdhui-plus-conscients-ils-savent-ce-quils-veulent-et-ce-quils-ne-veulent-pas","status":"publish","type":"post","link":"https:\/\/cyclingpro.net\/velopro\/autre\/sante-mentale-lavis-de-joxean-matxin-les-jeunes-sont-aujourdhui-plus-conscients-ils-savent-ce-quils-veulent-et-ce-quils-ne-veulent-pas\/","title":{"rendered":"Sant\u00e9 mentale, l&rsquo;avis de Joxean Matx\u00edn : \u00ab\u00a0Les jeunes sont aujourd&rsquo;hui plus conscients, ils savent ce qu&rsquo;ils veulent et ce qu&rsquo;ils ne veulent pas\u00a0\u00bb."},"content":{"rendered":"<p><Joxean Matx\u00edn<\/strong> intervient dans le d\u00e9bat sur les jeunes qui prennent leur retraite pour des raisons de sant\u00e9 mentale. Dans un monde cycliste qui court de plus en plus vite et qui tend de plus en plus vers l&rsquo;exasp\u00e9ration de certains aspects dans la recherche m\u00e9ticuleuse des d\u00e9tails qui m\u00e8nent \u00e0 l&rsquo;excellence, ces derni\u00e8res ann\u00e9es ont vu de plus en plus de talents exprimer leur malaise quant \u00e0 leur \u00e9tat psychologique, conduisant m\u00eame dans certains cas \u00e0 une retraite pr\u00e9matur\u00e9e. Il y a de nombreuses raisons \u00e0 cela, et il est clair que certains aspects personnels et subjectifs entrent \u00e9galement en ligne de compte, mais il s&rsquo;agit clairement d&rsquo;un th\u00e8me commun qui doit \u00eatre abord\u00e9 et que certaines \u00e9quipes doivent traiter avec plus d&rsquo;attention, compte tenu \u00e9galement de la tendance \u00e0 rechercher des talents de plus en plus jeunes que par le pass\u00e9.<\/p>\n<p>Un aspect, cependant, que le manager exp\u00e9riment\u00e9 de l&rsquo;<strong>UAE Team Emirates XRG<\/strong> estime quelque peu d\u00e9pass\u00e9. \u00ab\u00a0Je pense que les jeunes sont plus conscients aujourd&rsquo;hui, pour le meilleur ou pour le pire. Ils sont une minorit\u00e9, mais ils sont conscients de ce qu&rsquo;ils veulent et de ce qu&rsquo;ils ne veulent pas\u00a0\u00bb, explique-t-il \u00e0 <a href=\"https:\/\/www.marca.com\/ciclismo\/2025\/12\/27\/matxin-balance-ano-historico-100-2026-le-pido-victoria.html\"><em>March<\/em><\/a> en r\u00e9pondant n\u00e9gativement \u00e0 la question de savoir s&rsquo;il pense qu&rsquo;il y aura encore beaucoup de d\u00e9parts \u00e0 la retraite de la part des jeunes coureurs.<\/p>\n<p>\u00ab\u00a0Avant, certains le faisaient peut-\u00eatre \u00e0 26 ou 27 ans parce qu&rsquo;ils avaient moins d&rsquo;informations sur ce qu&rsquo;ils voulaient et ce qu&rsquo;ils ne voulaient pas\u00a0\u00bb, poursuit le mentor de Tadej Pogacar, \u00ab\u00a0Aujourd&rsquo;hui, les jeunes cavaliers talentueux ont plus d&rsquo;informations. Et ces informations, qu&rsquo;on les appelle donn\u00e9es ou ce qu&rsquo;on veut, ne peuvent pas \u00eatre synonymes d&rsquo;exp\u00e9rience. Avant, il fallait de l&rsquo;exp\u00e9rience pour apprendre certaines choses et maintenant, on dispose d&rsquo;informations sans avoir besoin de s&rsquo;appuyer sur cette exp\u00e9rience. Je pense donc qu&rsquo;il y a plus d&rsquo;informations maintenant et qu&rsquo;ils sont plus conscients, pour le meilleur et pour le pire\u00a0\u00bb.<\/p>\n<p>Une perception qui change \u00e9galement, selon Matxin, d&rsquo;un point de vue g\u00e9n\u00e9rationnel et personnel : \u00ab\u00a0Nous voyons peut-\u00eatre les choses comme mauvaises et eux comme bonnes, parce que c&rsquo;est ce dont ils ont besoin, ce qu&rsquo;ils veulent, la d\u00e9cision qu&rsquo;ils ont prise. Ce sont des choses plus personnelles : nous devrions \u00e9tudier les causes de chacune d&rsquo;entre elles\u00a0\u00bb.<\/p>\n","protected":false},"excerpt":{"rendered":"","protected":false},"author":20,"featured_media":163821,"comment_status":"open","ping_status":"open","sticky":false,"template":"","format":"standard","meta":{"footnotes":""},"categories":[3],"tags":[],"class_list":["post-163822","post","type-post","status-publish","format-standard","has-post-thumbnail","hentry","category-autre"],"_links":{"self":[{"href":"https:\/\/cyclingpro.net\/velopro\/wp-json\/wp\/v2\/posts\/163822","targetHints":{"allow":["GET"]}}],"collection":[{"href":"https:\/\/cyclingpro.net\/velopro\/wp-json\/wp\/v2\/posts"}],"about":[{"href":"https:\/\/cyclingpro.net\/velopro\/wp-json\/wp\/v2\/types\/post"}],"author":[{"embeddable":true,"href":"https:\/\/cyclingpro.net\/velopro\/wp-json\/wp\/v2\/users\/20"}],"replies":[{"embeddable":true,"href":"https:\/\/cyclingpro.net\/velopro\/wp-json\/wp\/v2\/comments?post=163822"}],"version-history":[{"count":0,"href":"https:\/\/cyclingpro.net\/velopro\/wp-json\/wp\/v2\/posts\/163822\/revisions"}],"wp:featuredmedia":[{"embeddable":true,"href":"https:\/\/cyclingpro.net\/velopro\/wp-json\/wp\/v2\/media\/163821"}],"wp:attachment":[{"href":"https:\/\/cyclingpro.net\/velopro\/wp-json\/wp\/v2\/media?parent=163822"}],"wp:term":[{"taxonomy":"category","embeddable":true,"href":"https:\/\/cyclingpro.net\/velopro\/wp-json\/wp\/v2\/categories?post=163822"},{"taxonomy":"post_tag","embeddable":true,"href":"https:\/\/cyclingpro.net\/velopro\/wp-json\/wp\/v2\/tags?post=163822"}],"curies":[{"name":"wp","href":"https:\/\/api.w.org\/{rel}","templated":true}]}}