{"id":163818,"date":"2025-12-27T19:00:18","date_gmt":"2025-12-27T18:00:18","guid":{"rendered":"https:\/\/cyclingpro.net\/velopro\/uncategorized\/uae-team-emirates-xrg-directeur-general-joxean-matxin-inverser-le-giro-et-la-vuelta-si-on-faisait-la-vuelta-2026-en-avril-surement-quaucune-etape-ne-serait-annulee\/"},"modified":"2025-12-27T19:00:18","modified_gmt":"2025-12-27T18:00:18","slug":"uae-team-emirates-xrg-directeur-general-joxean-matxin-inverser-le-giro-et-la-vuelta-si-on-faisait-la-vuelta-2026-en-avril-surement-quaucune-etape-ne-serait-annulee","status":"publish","type":"post","link":"https:\/\/cyclingpro.net\/velopro\/autre\/uae-team-emirates-xrg-directeur-general-joxean-matxin-inverser-le-giro-et-la-vuelta-si-on-faisait-la-vuelta-2026-en-avril-surement-quaucune-etape-ne-serait-annulee\/","title":{"rendered":"UAE Team Emirates XRG, directeur g\u00e9n\u00e9ral Joxean Matxin : \u00ab\u00a0Inverser le Giro et la Vuelta ? Si on faisait la Vuelta 2026 en avril s\u00fbrement qu&rsquo;aucune \u00e9tape ne serait annul\u00e9e\u00a0\u00bb"},"content":{"rendered":"<p><strong><a href=\"https:\/\/cyclingpro.net\/spaziociclismo\/worldtour\/uae-emirates-xrg-il-punto-di-vista-di-joxean-matxin-sul-ciclomercato-abbiamo-fatto-pochi-movimenti-ma-di-qualita-kevin-vermaerke-fara-una-stagione-eccezionale\/\" target=\"_blank\" rel=\"noopener\">Joxean Matxin<\/a> <\/strong>s&rsquo;est exprim\u00e9 sur le sujet de l&rsquo;inversion du <strong>Giro d&rsquo;Italia <\/strong>et de la <strong>Vuelta a Espa\u00f1a<\/strong> dans le calendrier cycliste. Le directeur sportif du <strong>UAE Team Emirates XRG<\/strong> a \u00e9voqu\u00e9 l&rsquo;un des sujets br\u00fblants de cette intersaison, n\u00e9 d&rsquo;une <a href=\"https:\/\/cyclingpro.net\/spaziociclismo\/worldtour\/tadej-pogacar-ho-sempre-pensato-che-giro-ditalia-e-vuelta-a-espana-dovrebbero-scambiarsi-le-date\/\" target=\"_blank\" rel=\"noopener\">d\u00e9claration de <strong>Tadej Poga\u010dar<\/strong><\/a> : le champion du monde, qui a un Giro d&rsquo;Italia mais pas de Vuelta \u00e0 son palmar\u00e8s, pr\u00e9conisait une course rose fin ao\u00fbt et la comp\u00e9tition espagnole en mai, \u00e9galement pour profiter au mieux du climat des deux pays. Bien s\u00fbr, <a href=\"https:\/\/cyclingpro.net\/spaziociclismo\/giro-2026\/giro-ditalia-rcs-sport-del-tutto-contraria-allidea-dellinversione-in-calendario-con-la-vuelta-si-e-fatto-a-maggio-per-107-volte-non-vogliamo-cambiare\/\" target=\"_blank\" rel=\"noopener\">l&rsquo;id\u00e9e n&rsquo;a pas plu \u00e0 RCS<\/a>, qui organise le Grand Tour italien, mais le d\u00e9bat \u00e0 ce stade est ouvert et il n&rsquo;est pas certain qu&rsquo;\u00e0 l&rsquo;avenir il ne soit pas \u00e9galement discut\u00e9 devant l&rsquo;UCI.<\/p>\n<p>Dans <a href=\"https:\/\/www.marca.com\/ciclismo\/2025\/12\/27\/matxin-balance-ano-historico-100-2026-le-pido-victoria.html\" target=\"_blank\" rel=\"noopener\">une interview avec <em>MARCA<\/em><\/a>, <strong>Joxean Matxin<\/strong> a fait le point suivant sur les propos de son coureur vedette au sujet de l&rsquo;inversion du Giro et de la Vuelta : \u00ab\u00a0<strong>Je pense que c&rsquo;est une d\u00e9cision que les courses doivent prendre. Il est clair que Tadej a dit cela \u00e0 cause de la question du climat<\/strong>. En ao\u00fbt, dans la r\u00e9gion o\u00f9 nous serons en Espagne, il fera tr\u00e8s chaud. Et en Italie, dans la r\u00e9gion o\u00f9 nous serons, il peut y avoir beaucoup de neige. <strong>Si nous faisions la Vuelta 2026 en avril, s\u00fbrement qu&rsquo;aucune \u00e9tape ne serait annul\u00e9e<\/strong>\u00ab\u00a0. Bref, l&rsquo;id\u00e9e ne semble pas si mal accueillie par l&rsquo;Espagnol, bien au contraire.<\/p>\n<p class=\"ue-c-article__paragraph paragraph xai-icon-container\" data-mrf-recirculation=\"Links P\u00e1rrafos\">Le directeur sportif de la <strong>UAE Team Emirates<\/strong> <strong>XRG<\/strong> a ensuite \u00e9voqu\u00e9 la possibilit\u00e9 de voir le Slov\u00e8ne au d\u00e9part de la prochaine Vuelta : \u00ab\u00a0<strong>Avec Tadej, nous nous sommes mis d&rsquo;accord pour d\u00e9cider de la derni\u00e8re partie du programme apr\u00e8s le Tour. Nous ne rejetons pas la Vuelta<\/strong>, bien s\u00fbr, mais nous voulons \u00eatre respectueux de la course. Une ann\u00e9e, nous avons annonc\u00e9 qu&rsquo;il y aurait une course et, finalement, cela ne s&rsquo;est pas pass\u00e9 aussi bien que l&rsquo;ann\u00e9e pr\u00e9c\u00e9dente. <strong>Nous ne voulons pas cr\u00e9er une attente si nous ne savons pas vraiment comment est Poga\u010dar<\/strong>. Nous attendons&rsquo;.<\/p>\n<\/p>\n<p data-mrf-recirculation=\"Links P\u00e1rrafos\">Enfin, <strong>Matxin<\/strong> a fix\u00e9 l&rsquo;objectif de l&rsquo;\u00e9quipe \u00e9miratie en 2026 : \u00ab\u00a0<strong>Am\u00e9liorer ce que nous avons fait cette ann\u00e9e<\/strong>. Ne nous contentons pas, ne pensons pas que ce que nous avons r\u00e9alis\u00e9 est encore possible. Si nous l&rsquo;avons r\u00e9alis\u00e9, c&rsquo;est parce que nous en sommes capables et si nous faisons les choses comme nous les avons faites jusqu&rsquo;\u00e0 pr\u00e9sent, avec la m\u00eame concentration, la m\u00eame mentalit\u00e9, la m\u00eame capacit\u00e9, le m\u00eame travail et la m\u00eame coh\u00e9sion que nous avons, je suis convaincu que nous pouvons m\u00eame d\u00e9passer le r\u00e9sultat de 2025. <Je ne veux pas compter le nombre de victoires, mais am\u00e9liorer ce que nous avons r\u00e9alis\u00e9<\/strong>.<\/p>\n","protected":false},"excerpt":{"rendered":"<p>Joxean Matxin s&rsquo;est exprim\u00e9 sur le sujet de l&rsquo;inversion du Giro d&rsquo;Italia et de la Vuelta a Espa\u00f1a dans le calendrier cycliste. Le directeur sportif du UAE Team Emirates XRG a \u00e9voqu\u00e9 l&rsquo;un des sujets br\u00fblants de cette intersaison, n\u00e9 d&rsquo;une d\u00e9claration de Tadej Poga\u010dar : le champion du monde, qui a un Giro d&rsquo;Italia &hellip;<\/p>\n","protected":false},"author":20,"featured_media":163817,"comment_status":"open","ping_status":"open","sticky":false,"template":"","format":"standard","meta":{"footnotes":""},"categories":[3],"tags":[],"class_list":["post-163818","post","type-post","status-publish","format-standard","has-post-thumbnail","hentry","category-autre"],"_links":{"self":[{"href":"https:\/\/cyclingpro.net\/velopro\/wp-json\/wp\/v2\/posts\/163818","targetHints":{"allow":["GET"]}}],"collection":[{"href":"https:\/\/cyclingpro.net\/velopro\/wp-json\/wp\/v2\/posts"}],"about":[{"href":"https:\/\/cyclingpro.net\/velopro\/wp-json\/wp\/v2\/types\/post"}],"author":[{"embeddable":true,"href":"https:\/\/cyclingpro.net\/velopro\/wp-json\/wp\/v2\/users\/20"}],"replies":[{"embeddable":true,"href":"https:\/\/cyclingpro.net\/velopro\/wp-json\/wp\/v2\/comments?post=163818"}],"version-history":[{"count":0,"href":"https:\/\/cyclingpro.net\/velopro\/wp-json\/wp\/v2\/posts\/163818\/revisions"}],"wp:featuredmedia":[{"embeddable":true,"href":"https:\/\/cyclingpro.net\/velopro\/wp-json\/wp\/v2\/media\/163817"}],"wp:attachment":[{"href":"https:\/\/cyclingpro.net\/velopro\/wp-json\/wp\/v2\/media?parent=163818"}],"wp:term":[{"taxonomy":"category","embeddable":true,"href":"https:\/\/cyclingpro.net\/velopro\/wp-json\/wp\/v2\/categories?post=163818"},{"taxonomy":"post_tag","embeddable":true,"href":"https:\/\/cyclingpro.net\/velopro\/wp-json\/wp\/v2\/tags?post=163818"}],"curies":[{"name":"wp","href":"https:\/\/api.w.org\/{rel}","templated":true}]}}