{"id":163816,"date":"2025-12-27T18:31:46","date_gmt":"2025-12-27T17:31:46","guid":{"rendered":"https:\/\/cyclingpro.net\/velopro\/uncategorized\/ineos-grenadiers-thymen-arensman-cest-lannee-la-plus-heureuse-de-ma-vie-pour-moi-le-cyclisme-est-secondaire\/"},"modified":"2025-12-27T18:31:46","modified_gmt":"2025-12-27T17:31:46","slug":"ineos-grenadiers-thymen-arensman-cest-lannee-la-plus-heureuse-de-ma-vie-pour-moi-le-cyclisme-est-secondaire","status":"publish","type":"post","link":"https:\/\/cyclingpro.net\/velopro\/autre\/ineos-grenadiers-thymen-arensman-cest-lannee-la-plus-heureuse-de-ma-vie-pour-moi-le-cyclisme-est-secondaire\/","title":{"rendered":"INEOS Grenadiers, Thymen Arensman : \u00ab\u00a0C&rsquo;est l&rsquo;ann\u00e9e la plus heureuse de ma vie. Pour moi, le cyclisme est secondaire"},"content":{"rendered":"<p><Thymen Arensman ne cache pas sa joie de vivre une ann\u00e9e exceptionnelle. Le coureur de l'<strong>INEOS Grenadiers <\/strong>a \u00e9t\u00e9 un grand protagoniste de cette saison, au cours de laquelle il a remport\u00e9 une \u00e9tape du <strong>Tour des Alpes 2025<\/strong> (qu&rsquo;il a termin\u00e9 \u00e0 la deuxi\u00e8me place du classement g\u00e9n\u00e9ral) et surtout deux \u00e9tapes du <strong>Tour de France 2025<\/strong>, <a href=\"https:\/\/cyclingpro.net\/spaziociclismo\/sintesi-gare\/tour-de-france-2025-fuga-vincente-per-thymen-arensman-jonas-vingegaard-attacca-mais-non-stacca-tadej-pogacar\/\">d&rsquo;abord dans une \u00e9chapp\u00e9e \u00e0 Luchon-Superbagn\u00e8res<\/a> puis \u00e0 La Plagne, <a href=\"https:\/\/cyclingpro.net\/spaziociclismo\/sintesi-gare\/tour-de-france-2025-thymen-arensman-conquista-la-plagne-jonas-vingegaard-2-davanti-a-tadej-pogacar-senza-mai-attaccare\/\" target=\"_blank\" rel=\"noopener\">attaque au visage des champions du monde <strong>Tadej Pogacar <\/strong>et <strong>Jonas Vingegaard<\/strong><\/a>. Fort de trois victoires prestigieuses, le N\u00e9erlandais a \u00e9galement pu dig\u00e9rer un Giro d&rsquo;Italia 2025 plut\u00f4t d\u00e9cevant, au cours duquel il a rapidement disparu du classement (perdant du terrain d\u00e8s la premi\u00e8re \u00e9tape) et n&rsquo;a jamais d\u00e9pass\u00e9 la huiti\u00e8me place lors de l&rsquo;\u00e9tape de Sienne. Mais il semble surtout avoir retrouv\u00e9 une certaine s\u00e9r\u00e9nit\u00e9.<\/p>\n<p>Dans une interview accord\u00e9e \u00e0 <em>NU.nl<\/em>, la promotion 99 a d\u00e9clar\u00e9 : \u00ab\u00a0<strong>Cette ann\u00e9e a \u00e9t\u00e9 la plus belle de ma vie<\/strong>. J&rsquo;ai d\u00fb y r\u00e9fl\u00e9chir un moment, parce que le cyclisme n&rsquo;est qu&rsquo;un petit pourcentage de la vie. C&rsquo;est secondaire<\/strong>. Un aspect secondaire extr\u00eamement important, parce que je m&rsquo;engage 24 heures sur 24, 7 jours sur 7, avec mon corps, dans le cyclisme. <strong>Mais ma vie personnelle p\u00e8se beaucoup plus lourd lorsqu&rsquo;il s&rsquo;agit de savoir si je suis heureux<\/strong>. Cette ann\u00e9e, ma petite amie est venue vivre en Andorre. Nous avons un petit chien tr\u00e8s gentil, tout le monde dans ma famille est en bonne sant\u00e9. C&rsquo;est donc une belle ann\u00e9e pour moi\u00a0\u00bb.<\/p>\n<p>Plus t\u00f4t, <a href=\"https:\/\/cyclingpro.net\/spaziociclismo\/worldtour\/ineos-grenadiers-thyman-arensman-per-battere-pogacar-e-vingegaard-al-tour-sono-collassato-allarrivo\/\" target=\"_blank\" rel=\"noopener\"><strong>Thymen Arensman <\/strong><\/a> avait parl\u00e9 sans d\u00e9tour de la d\u00e9ception dans la course rose : &lsquo;<strong>Apr\u00e8s la premi\u00e8re \u00e9tape du Giro, je me suis assis \u00e0 l&rsquo;arri\u00e8re du bus en pleurant. Je le voulais trop<\/strong>. Je ne gagne pas beaucoup \u00e0 parler de mes probl\u00e8mes \u00e0 la t\u00e9l\u00e9vision. Mais je pensais qu&rsquo;il \u00e9tait important de montrer aux jeunes athl\u00e8tes qu&rsquo;il est tout \u00e0 fait normal d&rsquo;avoir des doutes et d&rsquo;en parler. <Derni\u00e8rement, je suis devenue plus honn\u00eate avec moi-m\u00eame. J'\u00e9coute davantage mon corps. J'ai toujours voulu faire quelque chose de plus, m'entra\u00eener pendant cinq heures m\u00eame si j'\u00e9tais fatigu\u00e9e. Maintenant, je cours quatre heures si je le sens bien.\n\nRevenant sur ses deux victoires d'\u00e9tape au Tour 2025, le N\u00e9erlandais a racont\u00e9 \u00e0 <em>NU.nl<\/em> avoir vu sa famille au col de Tourmalet lors de la 14e \u00e9tape, o\u00f9 il s&rsquo;est ensuite impos\u00e9 \u00e0 l&rsquo;arriv\u00e9e \u00e0 Luchon-Superbagn\u00e8res : \u00a0\u00bb Quand j&rsquo;ai couru le Tourmalet, je savais \u00e0 peine o\u00f9 seraient mes parents, alors je les cherchais. <C'\u00e9tait un beau moment quand je les ai vus, avec les deux chiens<\/strong>. Apr\u00e8s la victoire \u00e0 Luchon-Superbagn\u00e8res, j&rsquo;ai vu mes parents \u00e0 l&rsquo;h\u00f4tel, le soir. C&rsquo;\u00e9tait fantastique de partager la victoire avec eux. <strong>Ma famille et ma compagne ne voient pas seulement un post sur Instagram ou un message dans les m\u00e9dias, mais aussi mes pires moments<\/strong>. Pour moi, les deux victoires d&rsquo;\u00e9tape au Tour ont \u00e9t\u00e9 la cerise sur le g\u00e2teau. Je sais quel processus il y a eu avant qu&rsquo;elles n&rsquo;arrivent. C&rsquo;est ce dont je me souviendrai\u00a0\u00bb.<\/p>\n","protected":false},"excerpt":{"rendered":"","protected":false},"author":20,"featured_media":163815,"comment_status":"open","ping_status":"open","sticky":false,"template":"","format":"standard","meta":{"footnotes":""},"categories":[3],"tags":[],"class_list":["post-163816","post","type-post","status-publish","format-standard","has-post-thumbnail","hentry","category-autre"],"_links":{"self":[{"href":"https:\/\/cyclingpro.net\/velopro\/wp-json\/wp\/v2\/posts\/163816","targetHints":{"allow":["GET"]}}],"collection":[{"href":"https:\/\/cyclingpro.net\/velopro\/wp-json\/wp\/v2\/posts"}],"about":[{"href":"https:\/\/cyclingpro.net\/velopro\/wp-json\/wp\/v2\/types\/post"}],"author":[{"embeddable":true,"href":"https:\/\/cyclingpro.net\/velopro\/wp-json\/wp\/v2\/users\/20"}],"replies":[{"embeddable":true,"href":"https:\/\/cyclingpro.net\/velopro\/wp-json\/wp\/v2\/comments?post=163816"}],"version-history":[{"count":0,"href":"https:\/\/cyclingpro.net\/velopro\/wp-json\/wp\/v2\/posts\/163816\/revisions"}],"wp:featuredmedia":[{"embeddable":true,"href":"https:\/\/cyclingpro.net\/velopro\/wp-json\/wp\/v2\/media\/163815"}],"wp:attachment":[{"href":"https:\/\/cyclingpro.net\/velopro\/wp-json\/wp\/v2\/media?parent=163816"}],"wp:term":[{"taxonomy":"category","embeddable":true,"href":"https:\/\/cyclingpro.net\/velopro\/wp-json\/wp\/v2\/categories?post=163816"},{"taxonomy":"post_tag","embeddable":true,"href":"https:\/\/cyclingpro.net\/velopro\/wp-json\/wp\/v2\/tags?post=163816"}],"curies":[{"name":"wp","href":"https:\/\/api.w.org\/{rel}","templated":true}]}}