{"id":163814,"date":"2025-12-27T18:02:07","date_gmt":"2025-12-27T17:02:07","guid":{"rendered":"https:\/\/cyclingpro.net\/velopro\/uncategorized\/padovani-polo-cherry-bank-lancien-cavalier-matteo-paiola-devient-directeur-sportif\/"},"modified":"2025-12-27T18:02:07","modified_gmt":"2025-12-27T17:02:07","slug":"padovani-polo-cherry-bank-lancien-cavalier-matteo-paiola-devient-directeur-sportif","status":"publish","type":"post","link":"https:\/\/cyclingpro.net\/velopro\/autre\/padovani-polo-cherry-bank-lancien-cavalier-matteo-paiola-devient-directeur-sportif\/","title":{"rendered":"Padovani Polo Cherry Bank, l&rsquo;ancien cavalier Matteo Paiola devient directeur sportif"},"content":{"rendered":"<p><strong>Matteo Paiola <\/strong>est le nouveau directeur sportif du <a href=\"https:\/\/cyclingpro.net\/spaziociclismo\/continental\/padovani-polo-cherry-bank-episodio-shock-in-allenamento-un-automobilista-affianca-i-corridori-e-spara-con-una-pistola\/\" target=\"_blank\" rel=\"noopener\"><strong>Padovani Polo Cherry Bank<\/strong><\/a>. L&rsquo;\u00e9quipe continentale italienne a annonc\u00e9 samedi 27 d\u00e9cembre sa d\u00e9cision de promouvoir la promotion 99 de Thiene \u00e0 ce nouveau poste. Au cours de sa carri\u00e8re, <strong>Paiola<\/strong> a port\u00e9 le maillot de l&rsquo;\u00e9quipe dans la cat\u00e9gorie junior et chez les moins de 23 ans. D\u00e9j\u00e0 en 2025, il est pass\u00e9 \u00e0 l&rsquo;\u00e9quipe phare en tant que directeur sportif adjoint : l&rsquo;ann\u00e9e prochaine, il sera directeur sportif pour la premi\u00e8re fois, avec <strong>Franco Lampugnani<\/strong> et les ex-professionnels <strong>Dimitri Konychev<\/strong> et <strong>Biagio Conte<\/strong>. La s\u00e9lection italienne, <a href=\"https:\/\/cyclingpro.net\/spaziociclismo\/ciclomercato\/padovani-polo-cherry-bank-larrivo-di-davide-boscaro-completa-lorganico-2026\/\" target=\"_blank\" rel=\"noopener\">qui a confirm\u00e9 ces derniers jours sa liste pour 2026<\/a>, est donc \u00e9galement compl\u00e8te en termes de personnel.<\/p>\n<div data-breakout=\"normal\">\n<p id=\"viewer-hjfa7152\" class=\"Hasdr P8FAI nXREP DWkY9\" dir=\"auto\">Matteo Paiola<\/strong> lui-m\u00eame a partag\u00e9 son excitation pour son nouveau r\u00f4le : <span class=\"I47Iv nXREP\"><em>\u00ab\u00a0<\/em><strong>Tout a commenc\u00e9 quand je courais parmi les juniors, portant le maillot de Padovani<\/strong>. J&rsquo;ai v\u00e9cu une saison inoubliable avec Emanuele Biondi comme DS et avec mes co\u00e9quipiers avec lesquels nous avons v\u00e9cu beaucoup d&rsquo;aventures et d&rsquo;\u00e9motions. \u00c0 cette \u00e9poque, j&rsquo;ai compris que le cyclisme \u00e9tait ma grande passion : apr\u00e8s avoir raccroch\u00e9 mon v\u00e9lo, j&rsquo;ai \u00e9tudi\u00e9, approfondi mes connaissances et je me suis mis sur la ligne en grimpant aux avant-postes. <strong>L&rsquo;entreprise m&rsquo;a permis de grandir et d&rsquo;apprendre beaucoup jusqu&rsquo;\u00e0 cette mission importante pour 2026<\/strong>.<\/em><\/span><\/p>\n<p>.<\/p>\n<p class=\"Hasdr P8FAI nXREP DWkY9\" dir=\"auto\"><span class=\"I47Iv nXREP\">Matteo Paiola<\/strong>, dipl\u00f4m\u00e9 en sciences de la motorisation, est donc pr\u00eat pour cette nouvelle aventure professionnelle : <em>\u00ab\u00a0<\/em>Le club a investi beaucoup d&rsquo;\u00e9nergie dans la pr\u00e9paration de 2026<\/strong>. Notre staff travaille en grande harmonie avec les gars et l&rsquo;atmosph\u00e8re est d\u00e9j\u00e0 pleine de confiance et d&rsquo;enthousiasme. L&rsquo;ann\u00e9e derni\u00e8re, avec Marco Palomba \u00e0 Rovescala, j&rsquo;ai f\u00eat\u00e9 mon premier succ\u00e8s dans l&rsquo;\u00e9quipe phare. <Les \u00e9motions sont aussi fortes dans la voiture que sur la moto. Ce que j'aime le plus dans le r\u00f4le de DS, c'est de pouvoir \u00eatre aux c\u00f4t\u00e9s des gars, de travailler avec eux, de partager les difficult\u00e9s et les joies. Je suis vraiment heureux de pouvoir le faire, avec des professionnels comme Franco Lampugnani, Dimitri Konychev et Biagio Conte \u00e0 mes c\u00f4t\u00e9s, ainsi qu'une \u00e9quipe jeune et soud\u00e9e<em><\/span><\/p>\n<p>.<\/p>\n<\/div>\n","protected":false},"excerpt":{"rendered":"<p>Matteo Paiola est le nouveau directeur sportif du Padovani Polo Cherry Bank. L&rsquo;\u00e9quipe continentale italienne a annonc\u00e9 samedi 27 d\u00e9cembre sa d\u00e9cision de promouvoir la promotion 99 de Thiene \u00e0 ce nouveau poste. Au cours de sa carri\u00e8re, Paiola a port\u00e9 le maillot de l&rsquo;\u00e9quipe dans la cat\u00e9gorie junior et chez les moins de 23 &hellip;<\/p>\n","protected":false},"author":20,"featured_media":163813,"comment_status":"open","ping_status":"open","sticky":false,"template":"","format":"standard","meta":{"footnotes":""},"categories":[3],"tags":[],"class_list":["post-163814","post","type-post","status-publish","format-standard","has-post-thumbnail","hentry","category-autre"],"_links":{"self":[{"href":"https:\/\/cyclingpro.net\/velopro\/wp-json\/wp\/v2\/posts\/163814","targetHints":{"allow":["GET"]}}],"collection":[{"href":"https:\/\/cyclingpro.net\/velopro\/wp-json\/wp\/v2\/posts"}],"about":[{"href":"https:\/\/cyclingpro.net\/velopro\/wp-json\/wp\/v2\/types\/post"}],"author":[{"embeddable":true,"href":"https:\/\/cyclingpro.net\/velopro\/wp-json\/wp\/v2\/users\/20"}],"replies":[{"embeddable":true,"href":"https:\/\/cyclingpro.net\/velopro\/wp-json\/wp\/v2\/comments?post=163814"}],"version-history":[{"count":0,"href":"https:\/\/cyclingpro.net\/velopro\/wp-json\/wp\/v2\/posts\/163814\/revisions"}],"wp:featuredmedia":[{"embeddable":true,"href":"https:\/\/cyclingpro.net\/velopro\/wp-json\/wp\/v2\/media\/163813"}],"wp:attachment":[{"href":"https:\/\/cyclingpro.net\/velopro\/wp-json\/wp\/v2\/media?parent=163814"}],"wp:term":[{"taxonomy":"category","embeddable":true,"href":"https:\/\/cyclingpro.net\/velopro\/wp-json\/wp\/v2\/categories?post=163814"},{"taxonomy":"post_tag","embeddable":true,"href":"https:\/\/cyclingpro.net\/velopro\/wp-json\/wp\/v2\/tags?post=163814"}],"curies":[{"name":"wp","href":"https:\/\/api.w.org\/{rel}","templated":true}]}}