{"id":163812,"date":"2025-12-27T17:39:20","date_gmt":"2025-12-27T16:39:20","guid":{"rendered":"https:\/\/cyclingpro.net\/velopro\/uncategorized\/uae-team-emirates-xrg-finn-fisher-black-sur-son-ancien-coequipier-pogacar-il-devient-plus-grand-que-le-cyclisme\/"},"modified":"2025-12-27T17:39:20","modified_gmt":"2025-12-27T16:39:20","slug":"uae-team-emirates-xrg-finn-fisher-black-sur-son-ancien-coequipier-pogacar-il-devient-plus-grand-que-le-cyclisme","status":"publish","type":"post","link":"https:\/\/cyclingpro.net\/velopro\/autre\/uae-team-emirates-xrg-finn-fisher-black-sur-son-ancien-coequipier-pogacar-il-devient-plus-grand-que-le-cyclisme\/","title":{"rendered":"UAE Team Emirates XRG, Finn Fisher-Black sur son ancien co\u00e9quipier Poga\u010dar : \u00ab\u00a0Il devient plus grand que le cyclisme\u00a0\u00bb."},"content":{"rendered":"<p><strong>Finn Fisher-Black<\/strong>parle de son ancien co\u00e9quipier <a href=\"https:\/\/cyclingpro.net\/spaziociclismo\/worldtour\/uae-team-emirates-xrg-per-tadej-pogacar-e-difficile-fare-i-3-gt-nello-stesso-anno-devi-passare-un-sacco-di-giorni-fuori-casa-ma-mai-dire-mai\/\" target=\"_blank\" rel=\"noopener\"><strong>Tadej Poga\u010dar<\/strong><\/a> avec des mots tr\u00e8s \u00e9logieux. La promotion 2001 est arriv\u00e9e dans les rangs professionnels \u00e0 seulement 20 ans, signant pour le <strong>UAE Team Emirates<\/strong> \u00e0 l&rsquo;\u00e9t\u00e9 2021 apr\u00e8s une exp\u00e9rience d&rsquo;un an et demi avec l&rsquo;\u00e9quipe de d\u00e9veloppement de Jumbo-Visma. Apr\u00e8s trois ans et demi au sein de l&rsquo;\u00e9quipe Emirates, <a href=\"https:\/\/cyclingpro.net\/spaziociclismo\/worldtour\/red-bull-bora-hansgrohe-finn-fisher-black-alla-uae-ero-spesso-gregario-ma-sono-troppo-giovane-per-adattarmi-a-questo-ruolo\/\" target=\"_blank\" rel=\"noopener\">le N\u00e9o-Z\u00e9landais a choisi de rejoindre <strong>RedBull &#8211; BORA &#8211; Hansgrohe<\/strong><\/a>, o\u00f9 il a couru cette ann\u00e9e 2025 en obtenant une bonne troisi\u00e8me place au classement g\u00e9n\u00e9ral du <strong>Tour Down Under<\/strong>, une sixi\u00e8me place au <strong>UAE Tour<\/strong> et <a href=\"https:\/\/cyclingpro.net\/spaziociclismo\/continental\/national-championnats-2025-finn-fisher-black-conquiert-le-titre-national-un-chronom\u00e8tre\/\" target=\"_blank\" rel=\"noopener\">le titre national du contre-la-montre<\/a>. Apr\u00e8s f\u00e9vrier, sa saison n&rsquo;a plus connu de faits marquants particuliers, se terminant par une <strong>Vuelta a Espa\u00f1a<\/strong> somme toute anonyme.<\/p>\n<p>Interview\u00e9 sur le <em>Domestique Hotseat Podcast<\/em>, le coureur de 24 ans a \u00e9voqu\u00e9 son passage dans l&rsquo;<strong>UAE Team Emirates<\/strong><strong>XRG<\/strong>, partageant son avis sur son ancien co\u00e9quipier Poga\u010dar : \u00ab\u00a0<strong>Quand Tadej est dans la course, il n&rsquo;y a qu&rsquo;un seul leader et tout le monde le sait<\/strong><strong><strong>XRG<\/strong>. Dans l&rsquo;\u00e9quipe UAE Team Emirates, vous raisonnez avec des hi\u00e9rarchies. C&rsquo;\u00e9tait un bon environnement parce que vous avez tant de superstars autour de vous, mais parfois c&rsquo;est un peu risqu\u00e9 dans des courses comme les grands tours. Il n&rsquo;y en a que trois, tout le monde veut avoir sa chance et tout le monde veut essayer de les gagner. Il y a tellement de coureurs qui peuvent gagner un Grand Tour dans cette \u00e9quipe. Alors bien s\u00fbr, il y aura toujours des moments chauds.<\/p>\n<p><Finn Fisher-Black<\/strong> s&rsquo;est ensuite pench\u00e9 sur la force du Slov\u00e8ne : \u00ab\u00a0Dans le cyclisme, j&rsquo;ai l&rsquo;impression que vous \u00eates presque oblig\u00e9 d&rsquo;avoir une approche d\u00e9tendue car il y a tellement de choses qui tournent mal que vous devez \u00eatre capable de vous adapter. Et c&rsquo;est ce qu&rsquo;il fait avec brio. Il ne semble pas avoir beaucoup de mauvais jours et c&rsquo;est parce qu&rsquo;il peut s&rsquo;adapter si rapidement \u00e0 chaque attaque ou chute ou quoi que ce soit d&rsquo;autre. <strong>Je ne pense pas que les gens r\u00e9alisent \u00e0 quel point la r\u00e9putation de Poga\u010dar est grande aujourd&rsquo;hui. Elle commence en quelque sorte \u00e0 transcender le sport<\/strong>. Les gens qui ne regardent pas le cyclisme savent qui il est maintenant. Je l&rsquo;ai remarqu\u00e9 surtout au Canada : lorsque nous nous arr\u00eations dans un caf\u00e9, nous essayions de former une bulle autour de Tadej pour pouvoir aller payer sans que les gens ne l&rsquo;arr\u00eatent. Peut-\u00eatre qu&rsquo;il commence \u00e0 \u00eatre un peu \u00e9puis\u00e9 par cela. <strong>Il devient plus grand que le cyclisme<\/strong>.\u00a0\u00bb<\/p>\n<div class=\"@container flex-col gap-4\" data-field=\"text\">\n<div class=\"text-16asrem rich-content flex-col gap-6 leading-[180%] font-light\" data-contenttags=\"\">\n<p>\u00ab\u00a0Oui, je pense qu&rsquo;il est le plus grand coureur que nous verrons<\/strong>\u00ab\u00a0, a d\u00e9clar\u00e9 le N\u00e9o-Z\u00e9landais. \u00ab\u00a0Je pense que c&rsquo;est clair maintenant, surtout \u00e0 27 ans. Il a d\u00e9j\u00e0 fait plus que ce que la plupart des gens peuvent imaginer. <Je pense qu'il pourrait s'arr\u00eater maintenant et \u00eatre d\u00e9j\u00e0 le meilleur que nous ayons jamais vu<\/strong>. Mais je pense qu&rsquo;il a encore beaucoup \u00e0 nous montrer. J&rsquo;ai aussi couru avec Jonas, avant que sa carri\u00e8re ne d\u00e9colle et qu&rsquo;il ne gagne le Tour. <strong>Ce sont des gars normaux, c&rsquo;est le but<\/strong>. J&rsquo;ai couru pour beaucoup des meilleurs coureurs du monde aujourd&rsquo;hui. Et quand vous d\u00eenez avec eux, vous vous rendez compte que ce sont des gars normaux. Venant des juniors et de la Nouvelle-Z\u00e9lande, je ne les avais vus qu&rsquo;\u00e0 la t\u00e9l\u00e9vision. Cela a donc \u00e9t\u00e9 un grand choc pour moi de penser que je courais maintenant pour eux.<\/p>\n<p>Enfin, dans la cat\u00e9gorie 2001, il a parl\u00e9 de l&rsquo;arriv\u00e9e de <strong>Remco Evenepoel<\/strong> dans son \u00e9quipe, <strong>Red Bull &#8211; BORA &#8211; Hansgrohe<\/strong> : \u00ab\u00a0Pour \u00eatre honn\u00eate, je ne connais pas Remco. Mais je pense, d&rsquo;apr\u00e8s la fa\u00e7on dont j&rsquo;ai couru avec lui dans l&rsquo;\u00e9quipe, qu&rsquo;il a l&rsquo;air plut\u00f4t bon. <Je suis ravi de l'avoir dans l'\u00e9quipe. Entre Lipowitz et lui, je ne sais pas ce qu'ils feront au Tour de l'ann\u00e9e prochaine, s'ils rouleront tous les deux pour le classement g\u00e9n\u00e9ral ou s'ils auront des objectifs diff\u00e9rents. Mais <strong>il y a plusieurs coureurs qui peuvent s&rsquo;occuper du classement g\u00e9n\u00e9ral dans l&rsquo;\u00e9quipe<\/strong>.<\/p>\n<\/div>\n<p>.\n<\/p><\/div>\n<p>.<\/p>\n","protected":false},"excerpt":{"rendered":"<p>Finn Fisher-Blackparle de son ancien co\u00e9quipier Tadej Poga\u010dar avec des mots tr\u00e8s \u00e9logieux. La promotion 2001 est arriv\u00e9e dans les rangs professionnels \u00e0 seulement 20 ans, signant pour le UAE Team Emirates \u00e0 l&rsquo;\u00e9t\u00e9 2021 apr\u00e8s une exp\u00e9rience d&rsquo;un an et demi avec l&rsquo;\u00e9quipe de d\u00e9veloppement de Jumbo-Visma. Apr\u00e8s trois ans et demi au sein &hellip;<\/p>\n","protected":false},"author":20,"featured_media":163811,"comment_status":"open","ping_status":"open","sticky":false,"template":"","format":"standard","meta":{"footnotes":""},"categories":[3],"tags":[],"class_list":["post-163812","post","type-post","status-publish","format-standard","has-post-thumbnail","hentry","category-autre"],"_links":{"self":[{"href":"https:\/\/cyclingpro.net\/velopro\/wp-json\/wp\/v2\/posts\/163812","targetHints":{"allow":["GET"]}}],"collection":[{"href":"https:\/\/cyclingpro.net\/velopro\/wp-json\/wp\/v2\/posts"}],"about":[{"href":"https:\/\/cyclingpro.net\/velopro\/wp-json\/wp\/v2\/types\/post"}],"author":[{"embeddable":true,"href":"https:\/\/cyclingpro.net\/velopro\/wp-json\/wp\/v2\/users\/20"}],"replies":[{"embeddable":true,"href":"https:\/\/cyclingpro.net\/velopro\/wp-json\/wp\/v2\/comments?post=163812"}],"version-history":[{"count":0,"href":"https:\/\/cyclingpro.net\/velopro\/wp-json\/wp\/v2\/posts\/163812\/revisions"}],"wp:featuredmedia":[{"embeddable":true,"href":"https:\/\/cyclingpro.net\/velopro\/wp-json\/wp\/v2\/media\/163811"}],"wp:attachment":[{"href":"https:\/\/cyclingpro.net\/velopro\/wp-json\/wp\/v2\/media?parent=163812"}],"wp:term":[{"taxonomy":"category","embeddable":true,"href":"https:\/\/cyclingpro.net\/velopro\/wp-json\/wp\/v2\/categories?post=163812"},{"taxonomy":"post_tag","embeddable":true,"href":"https:\/\/cyclingpro.net\/velopro\/wp-json\/wp\/v2\/tags?post=163812"}],"curies":[{"name":"wp","href":"https:\/\/api.w.org\/{rel}","templated":true}]}}