{"id":163808,"date":"2025-12-27T16:20:15","date_gmt":"2025-12-27T15:20:15","guid":{"rendered":"https:\/\/cyclingpro.net\/velopro\/uncategorized\/uae-team-emirates-xrg-pour-tadej-pogacar-il-est-difficile-de-faire-les-3-gt-la-meme-annee-il-faut-passer-beaucoup-de-jours-loin-de-chez-soi-mais-il-ne-faut-jamais-dire-jamais\/"},"modified":"2025-12-27T16:20:15","modified_gmt":"2025-12-27T15:20:15","slug":"uae-team-emirates-xrg-pour-tadej-pogacar-il-est-difficile-de-faire-les-3-gt-la-meme-annee-il-faut-passer-beaucoup-de-jours-loin-de-chez-soi-mais-il-ne-faut-jamais-dire-jamais","status":"publish","type":"post","link":"https:\/\/cyclingpro.net\/velopro\/autre\/uae-team-emirates-xrg-pour-tadej-pogacar-il-est-difficile-de-faire-les-3-gt-la-meme-annee-il-faut-passer-beaucoup-de-jours-loin-de-chez-soi-mais-il-ne-faut-jamais-dire-jamais\/","title":{"rendered":"UAE Team Emirates XRG, pour Tadej Poga\u010dar, il est difficile &lsquo;de faire les 3 GT la m\u00eame ann\u00e9e, il faut passer beaucoup de jours loin de chez soi. Mais il ne faut jamais dire jamais&rsquo;"},"content":{"rendered":"<p><strong>Tadej Poga\u010dar<\/strong> n&rsquo;envisage pas pour l&rsquo;instant de courir les trois grands tours la m\u00eame ann\u00e9e. Il y a quelques semaines, le ph\u00e9nom\u00e8ne slov\u00e8ne <a href=\"https:\/\/cyclingpro.net\/spaziociclismo\/worldtour\/uae-team-emirates-xrg-tadej-pogacar-pensa-sia-possibile-per-lui-vincere-giro-tour-e-vuelta-nella-stessa-stagione\/\">avouait qu&rsquo;il lui \u00e9tait possible de gagner<\/a> <strong>Giro d&rsquo;Italia<\/strong>, <strong>Tour de France<\/strong> et <strong>Vuelta a Espa\u00f1a<\/strong> dans la m\u00eame saison, surtout en repensant \u00e0 la fa\u00e7on dont il a domin\u00e9 la Corsa Rosa et la Grande Boucle en 2024, cependant, le projet ne semble pas devoir se concr\u00e9tiser dans l&rsquo;imm\u00e9diat. Interrog\u00e9 \u00e0 ce sujet lors d&rsquo;une \u00e9mission sp\u00e9ciale \u00e0 son sujet diffus\u00e9e sur <em>Sky Sport<\/em>, le <strong>UAE Team Emirates XRG<\/strong> coureur n&rsquo;a toutefois pas compl\u00e8tement exclu la possibilit\u00e9 d&rsquo;essayer \u00e0 l&rsquo;avenir.<\/p>\n<p>\u00ab\u00a0<strong>Pour faire trois Grands Tours la m\u00eame ann\u00e9e, il faut passer beaucoup de jours loin de chez soi<\/strong>\u00ab\u00a0, a d\u00e9clar\u00e9 Poga\u010dar. \u00ab\u00a0Entre tous les camps d&rsquo;entra\u00eenement et les trois semaines de course \u00e0 r\u00e9p\u00e9ter trois fois, c&rsquo;est un peu trop. Faire les cinq Monument Classics la m\u00eame ann\u00e9e, c&rsquo;est beaucoup plus facile. <Peut-\u00eatre qu'une ann\u00e9e, j'essaierai de faire trois grands tours dans la m\u00eame saison. Il ne faut jamais dire jamais<\/strong>, laissons-nous surprendre par ce que l&rsquo;avenir nous r\u00e9serve.<\/p>\n<p>Le coureur de 27 ans a ensuite comment\u00e9 son ann\u00e9e 2025, une nouvelle ann\u00e9e de grands triomphes : \u00ab\u00a0<strong>Chaque ann\u00e9e est meilleure que la pr\u00e9c\u00e9dente pour moi. Et cette ann\u00e9e a \u00e9t\u00e9 tout simplement indescriptible, tout s&rsquo;est d\u00e9roul\u00e9 plus ou moins parfaitement. Il sera difficile de faire mieux l&rsquo;ann\u00e9e prochaine<\/strong>. Mais je n&rsquo;y pense pas, je profite du moment pr\u00e9sent et je prends une course \u00e0 la fois. J&rsquo;essaie de faire de mon mieux, ensuite on voit le r\u00e9sultat final, le reste n&rsquo;a pas d&rsquo;importance. <strong>M\u00eame si je devais m&rsquo;arr\u00eater maintenant, je serais tr\u00e8s heureux de la carri\u00e8re que j&rsquo;ai eue et de ce que j&rsquo;ai accompli<\/strong>. Je n&rsquo;ai rien \u00e0 gagner ou \u00e0 perdre. Je pourrais prendre ma retraite \u00e0 tout moment et rester heureux.<\/p>\n<p>Parmi les nombreuses victoires, cependant, il y a aussi eu quelques d\u00e9faites, comme \u00e0 Sanremo, Roubaix et dans le contre-la-montre des championnats du monde de Kigali, <a href=\"https:\/\/cyclingpro.net\/spaziociclismo\/sintesi-gare\/mondiali-kigali-2025-remco-evenepoel-straccia-la-concorrenza-per-il-tris-consecutivo-tadej-pogacar-4-a-237\/\">o\u00f9 il a \u00e9galement \u00e9t\u00e9 rattrap\u00e9 et d\u00e9pass\u00e9 par Remco Evenepoel<\/a>. Le Slov\u00e8ne a expliqu\u00e9 ce qui n&rsquo;a pas fonctionn\u00e9 ce jour-l\u00e0 : \u00ab\u00a0<strong>La pr\u00e9paration a \u00e9t\u00e9 mitig\u00e9e. J&rsquo;ai \u00e9t\u00e9 malade une semaine avant de reprendre la course au Canada<\/strong>, j&rsquo;ai donc d\u00e9cid\u00e9 de me concentrer principalement sur la course sur route, qui avait la priorit\u00e9 d\u00e8s le d\u00e9part. Ensuite, je suis all\u00e9 au Canada, j&rsquo;ai repris la course sur route, et de l\u00e0, nous sommes all\u00e9s presque directement au Rwanda, o\u00f9 j&rsquo;ai couru le contre-la-montre et o\u00f9 il est apparu clairement que je n&rsquo;\u00e9tais pas assez pr\u00e9par\u00e9. <Je ne peux pas nier que j'ai beaucoup souffert. Bien s\u00fbr, je n'\u00e9tais pas satisfait de ma performance, mais je savais que je pouvais faire une bonne course sur route et d\u00e9fendre ainsi le titre de champion du monde<\/strong>.<\/p>\n","protected":false},"excerpt":{"rendered":"<p>Tadej Poga\u010dar n&rsquo;envisage pas pour l&rsquo;instant de courir les trois grands tours la m\u00eame ann\u00e9e. Il y a quelques semaines, le ph\u00e9nom\u00e8ne slov\u00e8ne avouait qu&rsquo;il lui \u00e9tait possible de gagner Giro d&rsquo;Italia, Tour de France et Vuelta a Espa\u00f1a dans la m\u00eame saison, surtout en repensant \u00e0 la fa\u00e7on dont il a domin\u00e9 la Corsa &hellip;<\/p>\n","protected":false},"author":20,"featured_media":163807,"comment_status":"open","ping_status":"open","sticky":false,"template":"","format":"standard","meta":{"footnotes":""},"categories":[3],"tags":[],"class_list":["post-163808","post","type-post","status-publish","format-standard","has-post-thumbnail","hentry","category-autre"],"_links":{"self":[{"href":"https:\/\/cyclingpro.net\/velopro\/wp-json\/wp\/v2\/posts\/163808","targetHints":{"allow":["GET"]}}],"collection":[{"href":"https:\/\/cyclingpro.net\/velopro\/wp-json\/wp\/v2\/posts"}],"about":[{"href":"https:\/\/cyclingpro.net\/velopro\/wp-json\/wp\/v2\/types\/post"}],"author":[{"embeddable":true,"href":"https:\/\/cyclingpro.net\/velopro\/wp-json\/wp\/v2\/users\/20"}],"replies":[{"embeddable":true,"href":"https:\/\/cyclingpro.net\/velopro\/wp-json\/wp\/v2\/comments?post=163808"}],"version-history":[{"count":0,"href":"https:\/\/cyclingpro.net\/velopro\/wp-json\/wp\/v2\/posts\/163808\/revisions"}],"wp:featuredmedia":[{"embeddable":true,"href":"https:\/\/cyclingpro.net\/velopro\/wp-json\/wp\/v2\/media\/163807"}],"wp:attachment":[{"href":"https:\/\/cyclingpro.net\/velopro\/wp-json\/wp\/v2\/media?parent=163808"}],"wp:term":[{"taxonomy":"category","embeddable":true,"href":"https:\/\/cyclingpro.net\/velopro\/wp-json\/wp\/v2\/categories?post=163808"},{"taxonomy":"post_tag","embeddable":true,"href":"https:\/\/cyclingpro.net\/velopro\/wp-json\/wp\/v2\/tags?post=163808"}],"curies":[{"name":"wp","href":"https:\/\/api.w.org\/{rel}","templated":true}]}}