{"id":163802,"date":"2025-12-27T11:45:55","date_gmt":"2025-12-27T10:45:55","guid":{"rendered":"https:\/\/cyclingpro.net\/velopro\/uncategorized\/uae-emirates-xrg-le-point-de-vue-de-joxean-matxin-sur-les-transferts-nous-avons-fait-peu-de-mouvements-mais-des-mouvements-de-qualite-kevin-vermaerke-fera-une-saison-exceptionnelle\/"},"modified":"2025-12-27T11:45:55","modified_gmt":"2025-12-27T10:45:55","slug":"uae-emirates-xrg-le-point-de-vue-de-joxean-matxin-sur-les-transferts-nous-avons-fait-peu-de-mouvements-mais-des-mouvements-de-qualite-kevin-vermaerke-fera-une-saison-exceptionnelle","status":"publish","type":"post","link":"https:\/\/cyclingpro.net\/velopro\/autre\/uae-emirates-xrg-le-point-de-vue-de-joxean-matxin-sur-les-transferts-nous-avons-fait-peu-de-mouvements-mais-des-mouvements-de-qualite-kevin-vermaerke-fera-une-saison-exceptionnelle\/","title":{"rendered":"UAE Emirates XRG, le point de vue de Joxean Matxin sur les Transferts : \u00ab\u00a0Nous avons fait peu de mouvements, mais des mouvements de qualit\u00e9 &#8211; Kevin Vermaerke fera une saison exceptionnelle\u00a0\u00bb."},"content":{"rendered":"<p>Le <strong>UAE Emirates XRG<\/strong> est l&rsquo;\u00e9quipe la plus forte depuis plusieurs saisons. La pr\u00e9sence de l&rsquo;extraordinaire <strong>Tadej Poga\u010dar<\/strong> fait clairement une diff\u00e9rence positive, mais le reste de l&rsquo;\u00e9quipe est \u00e9galement de premier ordre, \u00e0 tel point que, <a href=\"https:\/\/cyclingpro.net\/spaziociclismo\/worldtour\/classifiche-uci-dominio-assoluto-per-tadej-pogacar-e-la-uae-team-emirates-xrg-il-belgio-vince-tra-le-nazioni-italia-ad-un-soffio-dal-podio\/\" target=\"_blank\" rel=\"noopener\">en prenant le classement UCI par \u00e9quipes 2025 et en retirant les points r\u00e9colt\u00e9s par le Slov\u00e8ne au cours de l&rsquo;ann\u00e9e,<\/a> l&rsquo;\u00e9quipe sous licence \u00e9miratie serait toujours en haut de la liste. Ainsi, dans la fen\u00eatre <strong>CycleMarket<\/strong> entre 2025 et 2026, l&rsquo;\u00e9quipe \u00e9miratie XRG n&rsquo;a d\u00e9cid\u00e9ment pas fait grand-chose, en termes de mouvements, si ce n&rsquo;est le d\u00e9part &#8211; plus qu&rsquo;annonc\u00e9 &#8211; d&rsquo;un coureur important comme <strong>Juan Ayuso<\/strong>.<\/p>\n<p>Il y a trois nouveaux visages dans l&rsquo;\u00e9quipe, contre trois d\u00e9parts. Outre Ayuso, le Polonais <strong>Rafa\u0142 Majka<\/strong>, <a href=\"https:\/\/cyclingpro.net\/spaziociclismo\/worldtour\/uae-team-emirates-xrg-rafal-majka-volevo-ritirarmi-quando-ero-ancora-al-massimo-livello-e-su-pogacar-e-una-persona-normale-ma-in-bici-e-un-killer\/\" target=\"_blank\" rel=\"noopener\">qui a mis fin \u00e0 sa carri\u00e8re<\/a>, et l&rsquo;Italien <strong>Alessandro Covi<\/strong>, qui est pass\u00e9 chez Jayco-AlUla, manqueront \u00e0 l&rsquo;appel. Dans le m\u00eame temps, l&rsquo;Espagnol <strong>Adri\u00e0 Pericas<\/strong>, promu de l&rsquo;\u00e9quipe de d\u00e9veloppement, le Fran\u00e7ais <strong>Beno\u00eet Cosnefroy<\/strong>, qui quitte Decathlon Ag2R La Mondiale, et l&rsquo;Am\u00e9ricain <strong>Kevin Vermaerke<\/strong>, qui a mis fin \u00e0 son contrat avec PicnicPostNL.<\/p>\n<p>Aux nouvelles de Transferts, le directeur sportif de l&rsquo;UAE Emirates XRG, <strong>Joxean Matxin<\/strong>, d\u00e9clare : \u00a0\u00bb En termes de quantit\u00e9, nous n&rsquo;avons pas fait grand-chose, mais en termes de qualit\u00e9, ce sont des mouvements significatifs &#8211; les mots de l&rsquo;entra\u00eeneur espagnol recueillis par <a href=\"https:\/\/www.marca.com\/ciclismo\/2025\/12\/27\/matxin-balance-ano-historico-100-2026-le-pido-victoria.html\" target=\"_blank\" rel=\"noopener\"><em>Marca<\/em><\/a> &#8211; Vermaerke fera une saison exceptionnelle et finira par \u00eatre un coureur important. Et Cosnefroy aura des opportunit\u00e9s prestigieuses dans les courses d&rsquo;un jour. Je pense que Beno\u00eet va beaucoup progresser, m\u00eame s&rsquo;il ne fait pas de grands tours.<\/p>\n<p>Si Cosnefroy est un coureur qui a d\u00e9j\u00e0 montr\u00e9 qu&rsquo;il pouvait gagner, Vermaerke est un athl\u00e8te moins d\u00e9fini, du moins en termes de finition. Au cours des cinq saisons qu&rsquo;il a pass\u00e9es en tant que professionnel (toutes au sein de la structure qui s&rsquo;appelle d\u00e9sormais Picnic PostNL), il n&rsquo;a jamais remport\u00e9 de course. Sa 2025 est \u00e9galement assez incolore, apr\u00e8s, pourtant, des classements importants lors des saisons pr\u00e9c\u00e9dentes, notamment dans des courses \u00e0 \u00e9tapes courtes et des courses d&rsquo;un jour au parcours mouvement\u00e9. <a href=\"https:\/\/cyclingpro.net\/spaziociclismo\/sintesi-gare\/clasica-san-sebastian-2024-marc-hirschi-ha-la-meglio-su-julian-alaphilippe\/\" target=\"_blank\" rel=\"noopener\">Un exemple en est la quatri\u00e8me place qu&rsquo;il a obtenue lors de la <strong>Cl\u00e1sica San Sebasti\u00e1n 2024<\/strong><\/a>. Il reste donc \u00e0 voir quelle sera l&rsquo;\u00e9volution de la carri\u00e8re de l&rsquo;Am\u00e9ricain, qui a f\u00eat\u00e9 ses 25 ans il y a quelques semaines.<\/p>\n<p>Des attentes importantes sont \u00e9galement plac\u00e9es sur le jeune Espagnol Pericas, 19 ans <a href=\"https:\/\/cyclingpro.net\/spaziociclismo\/sintesi-gare\/giro-next-gen-2025-pavel-novak-trionfa-a-prato-nevoso-luke-tuckwell-conserva-la-maglia-rosa-per-15\/\" target=\"_blank\" rel=\"noopener\">et bonne figure du Giro d&rsquo;Italia Next Gen 2025<\/a> : \u00a0\u00bb Nous lui demanderons pour cette saison de ne pas perdre son ambition de gagner et de garder l&rsquo;intelligence qu&rsquo;il a montr\u00e9e en course. Il sera appel\u00e9 sur des courses importantes, comme la Volta Ciclista a Catalunya, et aussi d&rsquo;autres o\u00f9 il devra montrer ses qualit\u00e9s.<\/p>\n","protected":false},"excerpt":{"rendered":"<p>Le UAE Emirates XRG est l&rsquo;\u00e9quipe la plus forte depuis plusieurs saisons. La pr\u00e9sence de l&rsquo;extraordinaire Tadej Poga\u010dar fait clairement une diff\u00e9rence positive, mais le reste de l&rsquo;\u00e9quipe est \u00e9galement de premier ordre, \u00e0 tel point que, en prenant le classement UCI par \u00e9quipes 2025 et en retirant les points r\u00e9colt\u00e9s par le Slov\u00e8ne au &hellip;<\/p>\n","protected":false},"author":20,"featured_media":163801,"comment_status":"open","ping_status":"open","sticky":false,"template":"","format":"standard","meta":{"footnotes":""},"categories":[3],"tags":[],"class_list":["post-163802","post","type-post","status-publish","format-standard","has-post-thumbnail","hentry","category-autre"],"_links":{"self":[{"href":"https:\/\/cyclingpro.net\/velopro\/wp-json\/wp\/v2\/posts\/163802","targetHints":{"allow":["GET"]}}],"collection":[{"href":"https:\/\/cyclingpro.net\/velopro\/wp-json\/wp\/v2\/posts"}],"about":[{"href":"https:\/\/cyclingpro.net\/velopro\/wp-json\/wp\/v2\/types\/post"}],"author":[{"embeddable":true,"href":"https:\/\/cyclingpro.net\/velopro\/wp-json\/wp\/v2\/users\/20"}],"replies":[{"embeddable":true,"href":"https:\/\/cyclingpro.net\/velopro\/wp-json\/wp\/v2\/comments?post=163802"}],"version-history":[{"count":0,"href":"https:\/\/cyclingpro.net\/velopro\/wp-json\/wp\/v2\/posts\/163802\/revisions"}],"wp:featuredmedia":[{"embeddable":true,"href":"https:\/\/cyclingpro.net\/velopro\/wp-json\/wp\/v2\/media\/163801"}],"wp:attachment":[{"href":"https:\/\/cyclingpro.net\/velopro\/wp-json\/wp\/v2\/media?parent=163802"}],"wp:term":[{"taxonomy":"category","embeddable":true,"href":"https:\/\/cyclingpro.net\/velopro\/wp-json\/wp\/v2\/categories?post=163802"},{"taxonomy":"post_tag","embeddable":true,"href":"https:\/\/cyclingpro.net\/velopro\/wp-json\/wp\/v2\/tags?post=163802"}],"curies":[{"name":"wp","href":"https:\/\/api.w.org\/{rel}","templated":true}]}}