{"id":163800,"date":"2025-12-27T11:02:15","date_gmt":"2025-12-27T10:02:15","guid":{"rendered":"https:\/\/cyclingpro.net\/velopro\/uncategorized\/vismalease-at-bike-lentraineur-tim-heemskerk-a-propos-de-jonas-vingegaard-nous-ne-parlons-jamais-des-duels-avec-pogacar-parmi-les-grands-cest-celui-qui-se-fait-le-moins-remarquer-il-est\/"},"modified":"2025-12-27T11:02:15","modified_gmt":"2025-12-27T10:02:15","slug":"vismalease-at-bike-lentraineur-tim-heemskerk-a-propos-de-jonas-vingegaard-nous-ne-parlons-jamais-des-duels-avec-pogacar-parmi-les-grands-cest-celui-qui-se-fait-le-moins-remarquer-il-est","status":"publish","type":"post","link":"https:\/\/cyclingpro.net\/velopro\/autre\/vismalease-at-bike-lentraineur-tim-heemskerk-a-propos-de-jonas-vingegaard-nous-ne-parlons-jamais-des-duels-avec-pogacar-parmi-les-grands-cest-celui-qui-se-fait-le-moins-remarquer-il-est\/","title":{"rendered":"Visma|Lease at Bike, l&rsquo;entra\u00eeneur Tim Heemskerk \u00e0 propos de Jonas Vingegaard : \u00ab\u00a0Nous ne parlons jamais des duels avec Poga\u010dar &#8211; Parmi les grands, c&rsquo;est celui qui se fait le moins remarquer ? Il est comme \u00e7a, mais beaucoup de gens l&rsquo;appr\u00e9cient."},"content":{"rendered":"<p>L&rsquo;histoire de <strong>Jonas Vingegaard<\/strong> est inextricablement li\u00e9e \u00e0 celle de l&rsquo;\u00e9quipe d\u00e9sormais appel\u00e9e <strong>Visma|Lease a Bike<\/strong>. Le Danois est pass\u00e9 professionnel en 2019 au sein de ce qui s&rsquo;appelait alors Jumbo-Visma et y est rest\u00e9 depuis, remportant 42 victoires, dont deux Tour de France et une Vuelta a Espa\u00f1a. Aux c\u00f4t\u00e9s de Vingegaard, qui est rapidement devenu l&rsquo;un des coureurs les plus importants sur la sc\u00e8ne mondiale, il y a toujours eu un entra\u00eeneur, le N\u00e9erlandais <strong>Tim Heemskerk<\/strong>, qui l&rsquo;a pratiquement vu \u00ab\u00a0grandir\u00a0\u00bb et qui l&rsquo;accompagne en permanence dans la pr\u00e9paration des diff\u00e9rents d\u00e9fis que le Danois inscrit \u00e0 son programme.<\/p>\n<p>\u00ab\u00a0Je me souviens de la premi\u00e8re fois que je l&rsquo;ai vu\u00a0\u00bb, raconte Heemskerk \u00e0 <a href=\"https:\/\/ridemagazine.nl\/\" target=\"_blank\" rel=\"noopener\"><em>RIDE Magazine<\/em><\/a>, \u00ab\u00a0j&rsquo;ai tout de suite remarqu\u00e9 que c&rsquo;\u00e9tait un introverti, quelqu&rsquo;un qui pr\u00e9f\u00e9rait \u00eatre \u00e0 l&rsquo;arri\u00e8re-plan plut\u00f4t qu&rsquo;au milieu du groupe. Je suis pareil, et c&rsquo;est probablement pour cette raison que nous nous sommes imm\u00e9diatement entendus. A l&rsquo;\u00e9poque, nous ne savions pas grand-chose de lui : nous connaissions ses capacit\u00e9s de grimpeur et nous savions qu&rsquo;il avait une marge de progression, mais nous n&rsquo;avions aucune id\u00e9e du type de coureur qu&rsquo;il pouvait devenir. <strong>Qu&rsquo;il gagne deux Tour de France n&rsquo;\u00e9tait pas vraiment une chose \u00e0 laquelle nous pensions \u00e0 l&rsquo;\u00e9poque<\/strong>.<\/p>\n<p>L&rsquo;entra\u00eeneur de Visma|Lease \u00e0 Bike se souvient que \u00ab\u00a0jusqu&rsquo;\u00e0 cet hiver (entre 2018 et 2019 &#8211; <em>ndr<\/em>) <strong>Jonas travaillait encore au march\u00e9 aux poissons de Hanstholm et il \u00e9tait \u00e9trange pour un cycliste de faire un autre travail dans la p\u00e9riode pr\u00e9c\u00e9dant imm\u00e9diatement son passage chez les pros<\/strong>. Nous nous sommes donc vite rendu compte qu&rsquo;il avait beaucoup \u00e0 apprendre, par rapport aux gars qui auraient pu venir de l&rsquo;\u00e9quipe de d\u00e9veloppement et qui \u00e9taient d\u00e9j\u00e0 bien mieux pr\u00e9par\u00e9s. La premi\u00e8re chose que nous avons faite a \u00e9t\u00e9 de passer progressivement d&rsquo;un temps d&rsquo;entra\u00eenement total de 20 heures par semaine \u00e0 un temps de 30 heures.<\/p>\n<p>Au fil des mois, Vingegaard est devenu l&rsquo;athl\u00e8te parfait, du moins pour un entra\u00eeneur : \u00ab\u00a0Il fait tout ce que vous lui dites de faire, jusqu&rsquo;au dernier point\u00a0\u00bb, d\u00e9clare Heemskerk : \u00ab\u00a0Si vous lui dites de s&rsquo;entra\u00eener pendant cinq heures dans un certain domaine, il fera exactement cinq heures dans ce domaine, contrairement \u00e0 tant d&rsquo;autres coureurs qui s&rsquo;\u00e9cartent, peut-\u00eatre l\u00e9g\u00e8rement mais constamment, de leurs plans.<\/Il nous fait confiance, mais ce n'est pas un robot : il comprend qu'il est pr\u00e9f\u00e9rable de suivre le programme, notamment parce que cela vous permet de comprendre o\u00f9 et comment vous pouvez vous am\u00e9liorer.\n\nSouvent, le coureur danois, l'un des plus performants de cette \u00e9poque, semble passer sous le radar, compar\u00e9 aux autres \"grands\" de la p\u00e9riode, tels que Tadej Poga\u010dar, Remco Evenepoel, Wout van Aert, Mathieu van der Poel : \"Il est certainement une personne tr\u00e8s sobre et ne changera jamais\", les mots de l'entra\u00eeneur de confiance - <strong>C&rsquo;est comme \u00e7a qu&rsquo;il est. Quand il gagne, il est heureux, il se r\u00e9jouit, mais cette euphorie passe vite<\/strong>. Vous ne le verrez jamais faire quelque chose de \u00ab\u00a0fou\u00a0\u00bb. Le public pr\u00e9f\u00e8re sans doute des athl\u00e8tes plus exub\u00e9rants, mais je pense qu&rsquo;il y a aussi beaucoup de gens qui appr\u00e9cient un personnage plus calme\u00a0\u00bb.<\/p>\n<p>En parlant de Poga\u010dar, les deux se sont souvent crois\u00e9s sur l&rsquo;\u00e9tape la plus importante du monde, si l&rsquo;on pense qu&rsquo;au cours des cinq derniers Tour de France, le Danois et le Slov\u00e8ne ont monopolis\u00e9 la premi\u00e8re et la deuxi\u00e8me place, en s&rsquo;\u00e9changeant les positions : \u00a0\u00bb <strong>Nous ne parlons jamais du duel avec Poga\u010dar<\/strong>, dit Heemskerk, tout comme nous ne parlons que rarement des victoires. Nous sommes toujours tr\u00e8s concentr\u00e9s sur la pr\u00e9paration. Ensuite, nous voyons comment se d\u00e9roulent les courses.<\/p>\n<p>Heemskerk souligne : \u00a0\u00bb C&rsquo;est s\u00fbr, d&rsquo;un point de vue mental, Jonas est sorti<a href=\"https:\/\/cyclingpro.net\/spaziociclismo\/worldtour\/giro-dei-paesi-baschi-2024-caduta-e-ritiro-in-ambulanza-per-jonas-vingegaard\/\" target=\"_blank\" rel=\"noopener\">plus fort depuis sa chute au Tour du Pays Basque 2024<\/a>. Voir ce qu&rsquo;il a \u00e9t\u00e9 capable de faire pour pr\u00e9parer le Tour de cette ann\u00e9e-l\u00e0 \u00e9tait exceptionnel. Il a une volont\u00e9 \u00e9norme. <strong>En g\u00e9n\u00e9ral, quand il se pr\u00e9pare pour le Tour de France, il devient une personne diff\u00e9rente : il a une mission et vous savez qu&rsquo;il fera tout pour r\u00e9ussir<\/strong>\u00ab\u00a0.<\/p>\n","protected":false},"excerpt":{"rendered":"<p>L&rsquo;histoire de Jonas Vingegaard est inextricablement li\u00e9e \u00e0 celle de l&rsquo;\u00e9quipe d\u00e9sormais appel\u00e9e Visma|Lease a Bike. Le Danois est pass\u00e9 professionnel en 2019 au sein de ce qui s&rsquo;appelait alors Jumbo-Visma et y est rest\u00e9 depuis, remportant 42 victoires, dont deux Tour de France et une Vuelta a Espa\u00f1a. Aux c\u00f4t\u00e9s de Vingegaard, qui est &hellip;<\/p>\n","protected":false},"author":20,"featured_media":163799,"comment_status":"open","ping_status":"open","sticky":false,"template":"","format":"standard","meta":{"footnotes":""},"categories":[3],"tags":[],"class_list":["post-163800","post","type-post","status-publish","format-standard","has-post-thumbnail","hentry","category-autre"],"_links":{"self":[{"href":"https:\/\/cyclingpro.net\/velopro\/wp-json\/wp\/v2\/posts\/163800","targetHints":{"allow":["GET"]}}],"collection":[{"href":"https:\/\/cyclingpro.net\/velopro\/wp-json\/wp\/v2\/posts"}],"about":[{"href":"https:\/\/cyclingpro.net\/velopro\/wp-json\/wp\/v2\/types\/post"}],"author":[{"embeddable":true,"href":"https:\/\/cyclingpro.net\/velopro\/wp-json\/wp\/v2\/users\/20"}],"replies":[{"embeddable":true,"href":"https:\/\/cyclingpro.net\/velopro\/wp-json\/wp\/v2\/comments?post=163800"}],"version-history":[{"count":0,"href":"https:\/\/cyclingpro.net\/velopro\/wp-json\/wp\/v2\/posts\/163800\/revisions"}],"wp:featuredmedia":[{"embeddable":true,"href":"https:\/\/cyclingpro.net\/velopro\/wp-json\/wp\/v2\/media\/163799"}],"wp:attachment":[{"href":"https:\/\/cyclingpro.net\/velopro\/wp-json\/wp\/v2\/media?parent=163800"}],"wp:term":[{"taxonomy":"category","embeddable":true,"href":"https:\/\/cyclingpro.net\/velopro\/wp-json\/wp\/v2\/categories?post=163800"},{"taxonomy":"post_tag","embeddable":true,"href":"https:\/\/cyclingpro.net\/velopro\/wp-json\/wp\/v2\/tags?post=163800"}],"curies":[{"name":"wp","href":"https:\/\/api.w.org\/{rel}","templated":true}]}}