{"id":163798,"date":"2025-12-27T09:40:37","date_gmt":"2025-12-27T08:40:37","guid":{"rendered":"https:\/\/cyclingpro.net\/velopro\/uncategorized\/giro-ditalia-2026-desaccords-entre-les-equipes-et-rcs-sport-sur-le-grand-depart-en-bulgarie-pas-daccord-sur-la-prise-en-charge-des-frais-de-deplacement\/"},"modified":"2025-12-27T09:40:37","modified_gmt":"2025-12-27T08:40:37","slug":"giro-ditalia-2026-desaccords-entre-les-equipes-et-rcs-sport-sur-le-grand-depart-en-bulgarie-pas-daccord-sur-la-prise-en-charge-des-frais-de-deplacement","status":"publish","type":"post","link":"https:\/\/cyclingpro.net\/velopro\/autre\/giro-ditalia-2026-desaccords-entre-les-equipes-et-rcs-sport-sur-le-grand-depart-en-bulgarie-pas-daccord-sur-la-prise-en-charge-des-frais-de-deplacement\/","title":{"rendered":"Giro d&rsquo;Italia 2026, d\u00e9saccords entre les \u00e9quipes et RCS Sport sur le Grand D\u00e9part en Bulgarie : pas d&rsquo;accord sur la prise en charge des frais de d\u00e9placement."},"content":{"rendered":"<p>Le <strong>Giro d&rsquo;Italia 2026<\/strong> est encore loin et il y a donc de la place pour la r\u00e9solution des probl\u00e8mes d&rsquo;organisation qui pourraient survenir en cours de Parcours. La Corsa Rosa partira en effet <strong>vendredi 8 mai en Bulgarie<\/strong>, l&rsquo;\u00c9tat d&rsquo;Europe de l&rsquo;Est <a href=\"https:\/\/cyclingpro.net\/spaziociclismo\/vetrina\/giro-ditalia-2026-la-grande-partenza-sara-in-bulgaria\/\" target=\"_blank\" rel=\"noopener\">qui a \u00ab\u00a0gagn\u00e9\u00a0\u00bb la possibilit\u00e9 d&rsquo;accueillir le Grand D\u00e9part de la prochaine \u00e9dition<\/a>. Apr\u00e8s les trois premi\u00e8res fractions, la caravane du Giro retournera en Italie pour le reste de la course. Le d\u00e9placement de l&rsquo;ensemble du \u00ab\u00a0convoi rose\u00a0\u00bb semble toutefois \u00eatre l&rsquo;un des probl\u00e8mes mentionn\u00e9s plus haut.<\/p>\n<p>Selon les rapports de <a href=\"https:\/\/escapecollective.com\/political-turmoil-and-team-unrest-threaten-2026-giro-start\/\" target=\"_blank\" rel=\"noopener\"><em>Escape Collectiv<\/em><\/a><em>et<\/em>, il y aurait en effet des d\u00e9saccords entre les organisateurs du Giro d&rsquo;Italia, \u00e0 savoir <strong>RCS Sport<\/strong>, et les \u00e9quipes participantes. Le n\u0153ud du probl\u00e8me se situerait au niveau des d\u00e9penses li\u00e9es au voyage vers la Bulgarie et, bien s\u00fbr, au retour. Pour les \u00e9quipes, notamment certaines d&rsquo;entre elles, le transfert vers la Bulgarie repr\u00e9sente un engagement logistique non n\u00e9gligeable, sachant que pour un Grand Giro, le d\u00e9ploiement de moyens est sup\u00e9rieur \u00e0 la moyenne.<\/p>\n<p>RCS Sport a pr\u00e9vu, comme il est d&rsquo;usage pour les d\u00e9parts \u00ab\u00a0lointains\u00a0\u00bb, une somme \u00e0 allouer \u00e0 chaque \u00e9quipe, mais il y a d\u00e9saccord sur le montant de cette somme. D&rsquo;apr\u00e8s ce qui a filtr\u00e9 ces derniers jours, <strong>le \u00ab\u00a0remboursement\u00a0\u00bb envisag\u00e9 par l&rsquo;organisation du Giro, serait de 115 000 euros, avec en plus un \u00ab\u00a0bon\u00a0\u00bb de 5 000 euros \u00e0 utiliser aupr\u00e8s d&rsquo;une des compagnies a\u00e9riennes<\/strong> op\u00e9rant au d\u00e9part et \u00e0 l&rsquo;arriv\u00e9e de l&rsquo;a\u00e9roport de Burgas. La somme propos\u00e9e serait toutefois tr\u00e8s \u00e9loign\u00e9e des demandes initiales des \u00e9quipes qui, par l&rsquo;interm\u00e9diaire de leur organe repr\u00e9sentatif, l&rsquo;AIGCP, avaient avanc\u00e9 le chiffre de 160 000 euros.<\/p>\n<p>RCS Sport a ensuite formul\u00e9 une nouvelle proposition, <strong>autour de 125 000 euros<\/strong>, mais celle-ci a \u00e9galement \u00e9t\u00e9 rejet\u00e9e par les \u00e9quipes.<\/strong> Pour l&rsquo;instant, selon les rumeurs, l&rsquo;accord est encore loin, et il est \u00e9galement possible que les parties doivent se tourner vers le Conseil du Cyclisme Professionnel, un organe de l&rsquo;UCI charg\u00e9 de r\u00e9soudre les litiges.<\/p>\n","protected":false},"excerpt":{"rendered":"<p>Le Giro d&rsquo;Italia 2026 est encore loin et il y a donc de la place pour la r\u00e9solution des probl\u00e8mes d&rsquo;organisation qui pourraient survenir en cours de Parcours. La Corsa Rosa partira en effet vendredi 8 mai en Bulgarie, l&rsquo;\u00c9tat d&rsquo;Europe de l&rsquo;Est qui a \u00ab\u00a0gagn\u00e9\u00a0\u00bb la possibilit\u00e9 d&rsquo;accueillir le Grand D\u00e9part de la prochaine &hellip;<\/p>\n","protected":false},"author":20,"featured_media":163797,"comment_status":"open","ping_status":"open","sticky":false,"template":"","format":"standard","meta":{"footnotes":""},"categories":[3],"tags":[],"class_list":["post-163798","post","type-post","status-publish","format-standard","has-post-thumbnail","hentry","category-autre"],"_links":{"self":[{"href":"https:\/\/cyclingpro.net\/velopro\/wp-json\/wp\/v2\/posts\/163798","targetHints":{"allow":["GET"]}}],"collection":[{"href":"https:\/\/cyclingpro.net\/velopro\/wp-json\/wp\/v2\/posts"}],"about":[{"href":"https:\/\/cyclingpro.net\/velopro\/wp-json\/wp\/v2\/types\/post"}],"author":[{"embeddable":true,"href":"https:\/\/cyclingpro.net\/velopro\/wp-json\/wp\/v2\/users\/20"}],"replies":[{"embeddable":true,"href":"https:\/\/cyclingpro.net\/velopro\/wp-json\/wp\/v2\/comments?post=163798"}],"version-history":[{"count":0,"href":"https:\/\/cyclingpro.net\/velopro\/wp-json\/wp\/v2\/posts\/163798\/revisions"}],"wp:featuredmedia":[{"embeddable":true,"href":"https:\/\/cyclingpro.net\/velopro\/wp-json\/wp\/v2\/media\/163797"}],"wp:attachment":[{"href":"https:\/\/cyclingpro.net\/velopro\/wp-json\/wp\/v2\/media?parent=163798"}],"wp:term":[{"taxonomy":"category","embeddable":true,"href":"https:\/\/cyclingpro.net\/velopro\/wp-json\/wp\/v2\/categories?post=163798"},{"taxonomy":"post_tag","embeddable":true,"href":"https:\/\/cyclingpro.net\/velopro\/wp-json\/wp\/v2\/tags?post=163798"}],"curies":[{"name":"wp","href":"https:\/\/api.w.org\/{rel}","templated":true}]}}