{"id":163796,"date":"2025-12-27T09:00:36","date_gmt":"2025-12-27T08:00:36","guid":{"rendered":"https:\/\/cyclingpro.net\/velopro\/uncategorized\/il-y-a-un-an-exact-cross-mathieu-van-der-poel-apres-la-victoire-a-loenhout-cetait-une-course-difficile-jai-aussi-casse-la-selle-du-velo\/"},"modified":"2025-12-27T09:00:36","modified_gmt":"2025-12-27T08:00:36","slug":"il-y-a-un-an-exact-cross-mathieu-van-der-poel-apres-la-victoire-a-loenhout-cetait-une-course-difficile-jai-aussi-casse-la-selle-du-velo","status":"publish","type":"post","link":"https:\/\/cyclingpro.net\/velopro\/autre\/il-y-a-un-an-exact-cross-mathieu-van-der-poel-apres-la-victoire-a-loenhout-cetait-une-course-difficile-jai-aussi-casse-la-selle-du-velo\/","title":{"rendered":"Il y a un an&#8230; Exact Cross, Mathieu van der Poel apr\u00e8s la victoire \u00e0 Loenhout : &lsquo;C&rsquo;\u00e9tait une course difficile, j&rsquo;ai aussi cass\u00e9 la selle du v\u00e9lo&rsquo;"},"content":{"rendered":"<p><strong>Mathieu van der Poel<\/strong> a \u00e9galement remport\u00e9 l&rsquo;\u00e9tape <strong>Loenhout<\/strong> du circuit <strong>Exact Cross<\/strong> et en a fait quatre sur quatre, soit quatre victoires en autant de cyclo-cross abord\u00e9s cette saison. Le champion du monde en titre <a href=\"https:\/\/cyclingpro.net\/spaziociclismo\/sintesi-gare\/cdm-ciclocross-altro-show-di-mathieu-van-der-poel\/\" target=\"_blank\" rel=\"noopener\">s&rsquo;\u00e9tait impos\u00e9 24 heures plus t\u00f4t sur le parcours de Gavere (\u00e9tape de Coupe du monde)<\/a> et a r\u00e9cidiv\u00e9, toujours dans une parfaite solitude, sur l&rsquo;\u00e9tape de l&rsquo;AzenCross, sur laquelle d&rsquo;autres grands noms de la sc\u00e8ne internationale se sont \u00e9galement illustr\u00e9s, comme <strong>Wout van Aert, Thibau Nys<\/strong> et <strong>Tim Merlier<\/strong>. Cette fois, le coureur d&rsquo;Alpecin-Deceuninck a rapidement pris la t\u00eate, a \u00e9t\u00e9 rattrap\u00e9 par le solitaire <strong>Laurens Sweeck<\/strong> au cours du troisi\u00e8me tour <a href=\"https:\/\/cyclingpro.net\/spaziociclismo\/altro\/ciclocross\/exact-cross-mathieu-van-der-poel-compone-la-quarta-sinfonia-solitaria-stagionale-wout-van-aert-cade-nellultimo-giro-e-chiude-quarto\/\" target=\"_blank\" rel=\"noopener\">et s&rsquo;est ensuite \u00e9loign\u00e9, seul, vers la victoire. <\/a><\/p>\n<p>Cependant, Van der Poel souligne \u00e0 quel point \u00a0\u00bb c&rsquo;\u00e9tait une course difficile \u00ab\u00a0, ses mots au lendemain de la course : \u00a0\u00bb Ce n&rsquo;\u00e9tait pas facile de faire la diff\u00e9rence, c&rsquo;est un Parcours o\u00f9 il est difficile d&rsquo;aller plus vite que les autres, car on peut faire des erreurs \u00e0 tout moment.<\/strong>De plus, j&rsquo;avais les mains froides pour la premi\u00e8re fois de l&rsquo;ann\u00e9e. C&rsquo;\u00e9tait donc la course de cyclo-cross la plus difficile de ma saison jusqu&rsquo;\u00e0 pr\u00e9sent, surtout apr\u00e8s avoir couru hier \u00e0 Gavere.<\/p>\n<p>Le N\u00e9erlandais d\u00e9clare : \u00ab\u00a0Je suis parti au d\u00e9part, mais la selle de mon v\u00e9lo s&rsquo;est cass\u00e9e et j&rsquo;ai d\u00fb changer de v\u00e9lo. <Mais il faut dire que Sweeck est parti tr\u00e8s fort. Quand il est revenu sous moi, je ne l'ai certainement pas laiss\u00e9 revenir.<\/strong> A partir de l\u00e0, je savais que je devais garder mon rythme et que je pouvais prendre un peu d&rsquo;avance. Cela a tr\u00e8s bien fonctionn\u00e9.<\/p>\n","protected":false},"excerpt":{"rendered":"<p>Mathieu van der Poel a \u00e9galement remport\u00e9 l&rsquo;\u00e9tape Loenhout du circuit Exact Cross et en a fait quatre sur quatre, soit quatre victoires en autant de cyclo-cross abord\u00e9s cette saison. Le champion du monde en titre s&rsquo;\u00e9tait impos\u00e9 24 heures plus t\u00f4t sur le parcours de Gavere (\u00e9tape de Coupe du monde) et a r\u00e9cidiv\u00e9, &hellip;<\/p>\n","protected":false},"author":20,"featured_media":163795,"comment_status":"open","ping_status":"open","sticky":false,"template":"","format":"standard","meta":{"footnotes":""},"categories":[3],"tags":[],"class_list":["post-163796","post","type-post","status-publish","format-standard","has-post-thumbnail","hentry","category-autre"],"_links":{"self":[{"href":"https:\/\/cyclingpro.net\/velopro\/wp-json\/wp\/v2\/posts\/163796","targetHints":{"allow":["GET"]}}],"collection":[{"href":"https:\/\/cyclingpro.net\/velopro\/wp-json\/wp\/v2\/posts"}],"about":[{"href":"https:\/\/cyclingpro.net\/velopro\/wp-json\/wp\/v2\/types\/post"}],"author":[{"embeddable":true,"href":"https:\/\/cyclingpro.net\/velopro\/wp-json\/wp\/v2\/users\/20"}],"replies":[{"embeddable":true,"href":"https:\/\/cyclingpro.net\/velopro\/wp-json\/wp\/v2\/comments?post=163796"}],"version-history":[{"count":0,"href":"https:\/\/cyclingpro.net\/velopro\/wp-json\/wp\/v2\/posts\/163796\/revisions"}],"wp:featuredmedia":[{"embeddable":true,"href":"https:\/\/cyclingpro.net\/velopro\/wp-json\/wp\/v2\/media\/163795"}],"wp:attachment":[{"href":"https:\/\/cyclingpro.net\/velopro\/wp-json\/wp\/v2\/media?parent=163796"}],"wp:term":[{"taxonomy":"category","embeddable":true,"href":"https:\/\/cyclingpro.net\/velopro\/wp-json\/wp\/v2\/categories?post=163796"},{"taxonomy":"post_tag","embeddable":true,"href":"https:\/\/cyclingpro.net\/velopro\/wp-json\/wp\/v2\/tags?post=163796"}],"curies":[{"name":"wp","href":"https:\/\/api.w.org\/{rel}","templated":true}]}}