{"id":163792,"date":"2025-12-26T17:56:55","date_gmt":"2025-12-26T16:56:55","guid":{"rendered":"https:\/\/cyclingpro.net\/velopro\/uncategorized\/cdm-cyclocross-thibau-nys-battu-a-nouveau-par-van-der-poel-jai-les-pieds-tres-froids-quand-il-a-attaque-jai-perdu-la-pedale-deux-fois\/"},"modified":"2025-12-26T17:56:55","modified_gmt":"2025-12-26T16:56:55","slug":"cdm-cyclocross-thibau-nys-battu-a-nouveau-par-van-der-poel-jai-les-pieds-tres-froids-quand-il-a-attaque-jai-perdu-la-pedale-deux-fois","status":"publish","type":"post","link":"https:\/\/cyclingpro.net\/velopro\/autre\/cdm-cyclocross-thibau-nys-battu-a-nouveau-par-van-der-poel-jai-les-pieds-tres-froids-quand-il-a-attaque-jai-perdu-la-pedale-deux-fois\/","title":{"rendered":"CDM Cyclocross, Thibau Nys battu \u00e0 nouveau par Van Der Poel : \u00ab\u00a0J&rsquo;ai les pieds tr\u00e8s froids, quand il a attaqu\u00e9 j&rsquo;ai perdu la p\u00e9dale deux fois\u00a0\u00bb."},"content":{"rendered":"<p><strong>Thibau Nys<\/strong> a d\u00fb s&rsquo;incliner une nouvelle fois devant <strong>Mathieu Van Der Poel<\/strong>. Le champion national belge a termin\u00e9 \u00e0 la deuxi\u00e8me place <a href=\"https:\/\/cyclingpro.net\/spaziociclismo\/altro\/ciclocross\/cdm-ciclocross-thibau-nys-ci-prova-ma-mathieu-van-der-poel-non-si-batte\/\" target=\"_blank\" rel=\"noopener\">de la <strong>Coupe du monde de cyclocross 2025\/2026<\/strong> manche de <strong>Gavere<\/strong><\/a>, apr\u00e8s avoir tent\u00e9 de lutter avec le N\u00e9erlandais. Un sprint au sixi\u00e8me tour a \u00e9cr\u00e9m\u00e9 le reste de la concurrence, mais une erreur au tour suivant a ouvert la voie au champion du monde, qui a r\u00e9ussi \u00e0 creuser un \u00e9cart qui est vite devenu infranchissable. Le coureur de 2002 peut toutefois \u00eatre satisfait de sa performance, car une fois de plus, il a \u00e9t\u00e9 le seul \u00e0 pouvoir r\u00e9pondre aux premi\u00e8res attaques du coureur de l&rsquo;Alpecin-Deceuninck<\/strong>.<\/p>\n<p>Imm\u00e9diatement apr\u00e8s la course, <a href=\"https:\/\/cyclingpro.net\/spaziociclismo\/sintesi-gare\/x2o-trofee-thibau-nys-vince-la-sfida-con-cameron-mason-ad-hamme\/\" target=\"_blank\" rel=\"noopener\"><strong>Thibau Nys <\/strong><\/a> a parl\u00e9 de sa performance et de son plan tactique, qui l&rsquo;a vu attaquer t\u00f4t et donner le rythme dans le groupe de t\u00eate : \u00ab\u00a0<strong>Je voulais juste garder mes trajectoires et ne pas avoir de regrets plus tard<\/strong>. J&rsquo;ai donc fait ma course, mais je me suis vite rendu compte que je n&rsquo;avais certainement pas pris Mathieu \u00e0 la gorge. <Dans le tour o\u00f9 il a mis les gaz, j'ai perdu deux fois la p\u00e9dale et j'ai perdu quelques m\u00e8tres<\/strong>. Je n&rsquo;aurais probablement pas pu le suivre de toute fa\u00e7on, m\u00eame sans ce probl\u00e8me.<\/p>\n<p>\u00ab\u00a0Aujourd&rsquo;hui, j&rsquo;ai gard\u00e9 un rythme tr\u00e8s \u00e9lev\u00e9 dans les mont\u00e9es\u00a0\u00bb, a poursuivi le champion de Belgique, \u00ab\u00a0mais je sentais que je ne pouvais pas d\u00e9passer mes limites. A la fin, j&rsquo;ai m\u00eame ressenti un peu de fatigue. <strong>Lorsque j&rsquo;ai commis l&rsquo;erreur d\u00e9cisive, c&rsquo;\u00e9tait ma deuxi\u00e8me erreur dans la course<\/strong>. C&rsquo;\u00e9tait d\u00e9j\u00e0 arriv\u00e9 une fois, juste avant la mont\u00e9e. Je ne sais pas ce qui s&rsquo;est pass\u00e9. <J'ai les pieds tr\u00e8s froids, j'ai peut-\u00eatre trop serr\u00e9 mes chaussures. Vraiment, je ne sens plus mes pieds, c'est peut-\u00eatre pour \u00e7a que je ne savais pas ce que je faisais<\/strong>. Et derni\u00e8rement, j&rsquo;ai eu un peu de mal avec mon dos. Quand je me sens bien, comme aujourd&rsquo;hui, j&rsquo;ai beaucoup de puissance. M\u00eame \u00e0 Zolder, j&rsquo;avais envie de pousser, mais je ne sentais pas de puissance dans mes jambes. Quand c&rsquo;est comme \u00e7a, c&rsquo;est difficile.<\/p>\n","protected":false},"excerpt":{"rendered":"<p>Thibau Nys a d\u00fb s&rsquo;incliner une nouvelle fois devant Mathieu Van Der Poel. Le champion national belge a termin\u00e9 \u00e0 la deuxi\u00e8me place de la Coupe du monde de cyclocross 2025\/2026 manche de Gavere, apr\u00e8s avoir tent\u00e9 de lutter avec le N\u00e9erlandais. Un sprint au sixi\u00e8me tour a \u00e9cr\u00e9m\u00e9 le reste de la concurrence, mais &hellip;<\/p>\n","protected":false},"author":20,"featured_media":163791,"comment_status":"open","ping_status":"open","sticky":false,"template":"","format":"standard","meta":{"footnotes":""},"categories":[3],"tags":[],"class_list":["post-163792","post","type-post","status-publish","format-standard","has-post-thumbnail","hentry","category-autre"],"_links":{"self":[{"href":"https:\/\/cyclingpro.net\/velopro\/wp-json\/wp\/v2\/posts\/163792","targetHints":{"allow":["GET"]}}],"collection":[{"href":"https:\/\/cyclingpro.net\/velopro\/wp-json\/wp\/v2\/posts"}],"about":[{"href":"https:\/\/cyclingpro.net\/velopro\/wp-json\/wp\/v2\/types\/post"}],"author":[{"embeddable":true,"href":"https:\/\/cyclingpro.net\/velopro\/wp-json\/wp\/v2\/users\/20"}],"replies":[{"embeddable":true,"href":"https:\/\/cyclingpro.net\/velopro\/wp-json\/wp\/v2\/comments?post=163792"}],"version-history":[{"count":0,"href":"https:\/\/cyclingpro.net\/velopro\/wp-json\/wp\/v2\/posts\/163792\/revisions"}],"wp:featuredmedia":[{"embeddable":true,"href":"https:\/\/cyclingpro.net\/velopro\/wp-json\/wp\/v2\/media\/163791"}],"wp:attachment":[{"href":"https:\/\/cyclingpro.net\/velopro\/wp-json\/wp\/v2\/media?parent=163792"}],"wp:term":[{"taxonomy":"category","embeddable":true,"href":"https:\/\/cyclingpro.net\/velopro\/wp-json\/wp\/v2\/categories?post=163792"},{"taxonomy":"post_tag","embeddable":true,"href":"https:\/\/cyclingpro.net\/velopro\/wp-json\/wp\/v2\/tags?post=163792"}],"curies":[{"name":"wp","href":"https:\/\/api.w.org\/{rel}","templated":true}]}}