{"id":163788,"date":"2025-12-26T16:59:05","date_gmt":"2025-12-26T15:59:05","guid":{"rendered":"https:\/\/cyclingpro.net\/velopro\/uncategorized\/cyclocross-la-belgique-espere-toujours-avoir-wout-van-aert-pour-le-championnat-du-monde-la-porte-est-toujours-ouverte\/"},"modified":"2025-12-26T16:59:05","modified_gmt":"2025-12-26T15:59:05","slug":"cyclocross-la-belgique-espere-toujours-avoir-wout-van-aert-pour-le-championnat-du-monde-la-porte-est-toujours-ouverte","status":"publish","type":"post","link":"https:\/\/cyclingpro.net\/velopro\/autre\/cyclocross-la-belgique-espere-toujours-avoir-wout-van-aert-pour-le-championnat-du-monde-la-porte-est-toujours-ouverte\/","title":{"rendered":"Cyclocross, la Belgique esp\u00e8re toujours avoir Wout Van Aert pour le championnat du monde : \u00ab\u00a0La porte est toujours ouverte\u00a0\u00bb."},"content":{"rendered":"<p><strong><a href=\"https:\/\/cyclingpro.net\/spaziociclismo\/worldtour\/wout-van-aert-reagisce-al-possibile-ritiro-di-van-der-poel-dal-ciclocross-ero-scioccato-ma-lo-capisco\/\" target=\"_blank\" rel=\"noopener\">Wout Van Aert<\/a> <\/strong>pourrait ajouter les <strong>Championnats du Monde de Cyclocross<\/strong> \u00e0 son calendrier cet hiver. Le coureur de <strong>Visma | Lease a Bike<\/strong> a particip\u00e9 \u00e0 quelques courses dans la sp\u00e9cialit\u00e9 hivernale, r\u00e9coltant deux secondes et une neuvi\u00e8me place. En plus des comp\u00e9titions auxquelles il a d\u00e9j\u00e0 pris part, la classe 94 a annonc\u00e9 qu&rsquo;il sera au d\u00e9part de <strong>Dendermonde<\/strong> (Coupe du monde, dimanche 28 d\u00e9cembre), <strong>Loenhout<\/strong> (X2O, lundi 29), <strong>Mol<\/strong> (circuit Exact Cross, vendredi 2 janvier) et <strong>Zonhoven<\/strong> (Coupe du monde, dimanche 4 janvier), avant de conclure sa campagne de cyclo-cross lors des Championnats Nationaux belges, le 11 janvier prochain. Les <strong>Championnats du Monde \u00e0 Hulst<\/strong> ne semblent donc pas \u00eatre dans ses plans, du moins dans un premier temps.<\/p>\n<p>Dans une interview accord\u00e9e \u00e0 <em>HLN<\/em> \u00e0 l&rsquo;occasion de l&rsquo;\u00e9preuve de Coupe du monde de Gavere, le s\u00e9lectionneur de l&rsquo;\u00e9quipe nationale belge <strong>Angelo De Clercq<\/strong> a voulu \u00e9voquer la possibilit\u00e9 de voir <strong><a href=\"https:\/\/cyclingpro.net\/spaziociclismo\/worldtour\/vismalease-a-bike-il-programma-stagionale-di-wout-van-aert-strade-bianche-e-milano-sanremo-per-cominciare-poi-il-tour-e-forse-la-vuelta-con-il-mondiale-in-testa\/\" target=\"_blank\" rel=\"noopener\">Wout Van Aert<\/a> <\/strong>au d\u00e9part de l&rsquo;\u00e9preuve de cyclocross arc-en-ciel, ce qui laisse un peu d&rsquo;espoir : \u00ab\u00a0<strong>Ce n&rsquo;est pas compl\u00e8tement exclu<\/strong>. Wout n&rsquo;est pas seulement important pour nous sur le plan sportif, mais aussi pour les jeunes, qui l&rsquo;admirent. Dans chaque s\u00e9lection que je fais, j&rsquo;\u00e9cris son nom au crayon. <D'ici les championnats de Belgique, on saura ce qu'il fera<\/strong>.<\/p>\n<p>Plus t\u00f4t, le chef de la performance de Team Visma | Lease a Bike <strong>Mathieu Heijboer<\/strong> n&rsquo;avait pas totalement ferm\u00e9 la porte \u00e0 la possibilit\u00e9 de voir le Belge au d\u00e9part des Championnats du monde : \u00ab\u00a0Le point de d\u00e9part est que nous respectons les dates de nos camps d&rsquo;entra\u00eenement avec l&rsquo;\u00e9quipe route. Nous ne ferons pas de concessions ou de compromis l\u00e0-dessus. <Je ne dis pas compl\u00e8tement non \u00e0 la Coupe du Monde. En ce qui nous concerne, la porte reste ouverte<\/strong>. Nous prendrons la d\u00e9cision plus tard, mais pour l&rsquo;instant, la Coupe du monde ne fait pas partie de nos plans. En termes de calendrier, du moins sur le papier, <strong>Wout Van Aert<\/strong> ne devrait pas avoir de probl\u00e8mes de chevauchement : le <strong>Visma | Lease a Bike<\/strong> a un camp d&rsquo;entra\u00eenement pr\u00e9vu en Espagne du 12 janvier (le lendemain des championnats belges de cyclocross) au 24 janvier. Les <strong>Championnats du monde \u00e0 Hulst<\/strong> sont pr\u00e9vus pour le 1er f\u00e9vrier et ne co\u00efncideraient donc pas avec le calendrier de l&rsquo;\u00e9quipe.<\/p>\n","protected":false},"excerpt":{"rendered":"<p>Wout Van Aert pourrait ajouter les Championnats du Monde de Cyclocross \u00e0 son calendrier cet hiver. Le coureur de Visma | Lease a Bike a particip\u00e9 \u00e0 quelques courses dans la sp\u00e9cialit\u00e9 hivernale, r\u00e9coltant deux secondes et une neuvi\u00e8me place. En plus des comp\u00e9titions auxquelles il a d\u00e9j\u00e0 pris part, la classe 94 a annonc\u00e9 &hellip;<\/p>\n","protected":false},"author":20,"featured_media":163787,"comment_status":"open","ping_status":"open","sticky":false,"template":"","format":"standard","meta":{"footnotes":""},"categories":[3],"tags":[],"class_list":["post-163788","post","type-post","status-publish","format-standard","has-post-thumbnail","hentry","category-autre"],"_links":{"self":[{"href":"https:\/\/cyclingpro.net\/velopro\/wp-json\/wp\/v2\/posts\/163788","targetHints":{"allow":["GET"]}}],"collection":[{"href":"https:\/\/cyclingpro.net\/velopro\/wp-json\/wp\/v2\/posts"}],"about":[{"href":"https:\/\/cyclingpro.net\/velopro\/wp-json\/wp\/v2\/types\/post"}],"author":[{"embeddable":true,"href":"https:\/\/cyclingpro.net\/velopro\/wp-json\/wp\/v2\/users\/20"}],"replies":[{"embeddable":true,"href":"https:\/\/cyclingpro.net\/velopro\/wp-json\/wp\/v2\/comments?post=163788"}],"version-history":[{"count":0,"href":"https:\/\/cyclingpro.net\/velopro\/wp-json\/wp\/v2\/posts\/163788\/revisions"}],"wp:featuredmedia":[{"embeddable":true,"href":"https:\/\/cyclingpro.net\/velopro\/wp-json\/wp\/v2\/media\/163787"}],"wp:attachment":[{"href":"https:\/\/cyclingpro.net\/velopro\/wp-json\/wp\/v2\/media?parent=163788"}],"wp:term":[{"taxonomy":"category","embeddable":true,"href":"https:\/\/cyclingpro.net\/velopro\/wp-json\/wp\/v2\/categories?post=163788"},{"taxonomy":"post_tag","embeddable":true,"href":"https:\/\/cyclingpro.net\/velopro\/wp-json\/wp\/v2\/tags?post=163788"}],"curies":[{"name":"wp","href":"https:\/\/api.w.org\/{rel}","templated":true}]}}