{"id":163786,"date":"2025-12-26T16:15:26","date_gmt":"2025-12-26T15:15:26","guid":{"rendered":"https:\/\/cyclingpro.net\/velopro\/uncategorized\/cdm-cyclocross-thibau-nys-essaie-mais-mathieu-van-der-poel-ne-peut-pas-etre-battu\/"},"modified":"2025-12-26T16:15:26","modified_gmt":"2025-12-26T15:15:26","slug":"cdm-cyclocross-thibau-nys-essaie-mais-mathieu-van-der-poel-ne-peut-pas-etre-battu","status":"publish","type":"post","link":"https:\/\/cyclingpro.net\/velopro\/autre\/cdm-cyclocross-thibau-nys-essaie-mais-mathieu-van-der-poel-ne-peut-pas-etre-battu\/","title":{"rendered":"CDM Cyclocross, Thibau Nys essaie, mais Mathieu Van Der Poel ne peut pas \u00eatre battu !"},"content":{"rendered":"<p><strong>Mathieu Van Der Poel<\/strong> a lui aussi marqu\u00e9 les esprits \u00e0 <strong>Gavere<\/strong>, septi\u00e8me manche de la <strong>Coupe du monde de cyclocross 2025\/2026<\/strong>. Le N\u00e9erlandais a remport\u00e9 sa cinqui\u00e8me victoire en autant de courses cette saison, en solitaire, apr\u00e8s avoir fait la diff\u00e9rence dans le septi\u00e8me des neuf tours.<\/p>\n<p><em>Plus d&rsquo;informations<\/em> \u00e0 suivre.<\/p>\n","protected":false},"excerpt":{"rendered":"<p>Mathieu Van Der Poel a lui aussi marqu\u00e9 les esprits \u00e0 Gavere, septi\u00e8me manche de la Coupe du monde de cyclocross 2025\/2026. Le N\u00e9erlandais a remport\u00e9 sa cinqui\u00e8me victoire en autant de courses cette saison, en solitaire, apr\u00e8s avoir fait la diff\u00e9rence dans le septi\u00e8me des neuf tours. Plus d&rsquo;informations \u00e0 suivre.<\/p>\n","protected":false},"author":20,"featured_media":163785,"comment_status":"open","ping_status":"open","sticky":false,"template":"","format":"standard","meta":{"footnotes":""},"categories":[3],"tags":[],"class_list":["post-163786","post","type-post","status-publish","format-standard","has-post-thumbnail","hentry","category-autre"],"_links":{"self":[{"href":"https:\/\/cyclingpro.net\/velopro\/wp-json\/wp\/v2\/posts\/163786","targetHints":{"allow":["GET"]}}],"collection":[{"href":"https:\/\/cyclingpro.net\/velopro\/wp-json\/wp\/v2\/posts"}],"about":[{"href":"https:\/\/cyclingpro.net\/velopro\/wp-json\/wp\/v2\/types\/post"}],"author":[{"embeddable":true,"href":"https:\/\/cyclingpro.net\/velopro\/wp-json\/wp\/v2\/users\/20"}],"replies":[{"embeddable":true,"href":"https:\/\/cyclingpro.net\/velopro\/wp-json\/wp\/v2\/comments?post=163786"}],"version-history":[{"count":0,"href":"https:\/\/cyclingpro.net\/velopro\/wp-json\/wp\/v2\/posts\/163786\/revisions"}],"wp:featuredmedia":[{"embeddable":true,"href":"https:\/\/cyclingpro.net\/velopro\/wp-json\/wp\/v2\/media\/163785"}],"wp:attachment":[{"href":"https:\/\/cyclingpro.net\/velopro\/wp-json\/wp\/v2\/media?parent=163786"}],"wp:term":[{"taxonomy":"category","embeddable":true,"href":"https:\/\/cyclingpro.net\/velopro\/wp-json\/wp\/v2\/categories?post=163786"},{"taxonomy":"post_tag","embeddable":true,"href":"https:\/\/cyclingpro.net\/velopro\/wp-json\/wp\/v2\/tags?post=163786"}],"curies":[{"name":"wp","href":"https:\/\/api.w.org\/{rel}","templated":true}]}}