{"id":163784,"date":"2025-12-26T14:30:49","date_gmt":"2025-12-26T13:30:49","guid":{"rendered":"https:\/\/cyclingpro.net\/velopro\/uncategorized\/cdm-cyclocross-lucinda-brand-conquiert-aussi-gavere\/"},"modified":"2025-12-26T14:30:49","modified_gmt":"2025-12-26T13:30:49","slug":"cdm-cyclocross-lucinda-brand-conquiert-aussi-gavere","status":"publish","type":"post","link":"https:\/\/cyclingpro.net\/velopro\/autre\/cdm-cyclocross-lucinda-brand-conquiert-aussi-gavere\/","title":{"rendered":"CDM Cyclocross, Lucinda Brand conquiert aussi Gavere"},"content":{"rendered":"<p>La domination de <strong>Lucinda Brand<\/strong> dans la <strong>Coupe du monde de cyclocross 2025\/2026<\/strong> se poursuit sans partage. D\u00e9j\u00e0 vainqueur de cinq manches, la N\u00e9erlandaise de la <strong>Baloise Glowi Lions<\/strong> s&rsquo;est \u00e9galement impos\u00e9e lors de l&rsquo;\u00e9tape de <strong>Gavere<\/strong>, remportant sa 14e victoire de la saison et sa dixi\u00e8me d&rsquo;affil\u00e9e si l&rsquo;on consid\u00e8re l&rsquo;ensemble des courses de cyclo-cross. La coureuse de 36 ans a fait la diff\u00e9rence lors du troisi\u00e8me des six tours au programme, prenant imm\u00e9diatement une bonne marge sur ses rivales et parvenant dans le final \u00e0 devancer de 15 secondes la Fran\u00e7aise <strong>Amandine Fouquenet<\/strong> (Ark\u00e9a-B&amp;B Hotels), \u00e0 nouveau brillante apr\u00e8s sa victoire il y a trois jours dans le Superprestige de Heusden-Zolder.<\/p>\n<p>Le podium du jour est compl\u00e9t\u00e9 par <strong>Puck Pieterse<\/strong> (Fenix-Deceuninck), qui termine \u00e0 19 secondes et qui a \u00e9t\u00e9 victime d&rsquo;une chute alors qu&rsquo;elle essayait de s&rsquo;\u00e9tirer pendant le troisi\u00e8me tour, ce qui a donn\u00e9 le ton \u00e0 l&rsquo;attaque victorieuse de Brand.<\/p>\n<p><em>Plus d&rsquo;informations<\/em> \u00e0 suivre.<\/p>\n","protected":false},"excerpt":{"rendered":"<p>La domination de Lucinda Brand dans la Coupe du monde de cyclocross 2025\/2026 se poursuit sans partage. D\u00e9j\u00e0 vainqueur de cinq manches, la N\u00e9erlandaise de la Baloise Glowi Lions s&rsquo;est \u00e9galement impos\u00e9e lors de l&rsquo;\u00e9tape de Gavere, remportant sa 14e victoire de la saison et sa dixi\u00e8me d&rsquo;affil\u00e9e si l&rsquo;on consid\u00e8re l&rsquo;ensemble des courses de &hellip;<\/p>\n","protected":false},"author":20,"featured_media":163783,"comment_status":"open","ping_status":"open","sticky":false,"template":"","format":"standard","meta":{"footnotes":""},"categories":[3],"tags":[],"class_list":["post-163784","post","type-post","status-publish","format-standard","has-post-thumbnail","hentry","category-autre"],"_links":{"self":[{"href":"https:\/\/cyclingpro.net\/velopro\/wp-json\/wp\/v2\/posts\/163784","targetHints":{"allow":["GET"]}}],"collection":[{"href":"https:\/\/cyclingpro.net\/velopro\/wp-json\/wp\/v2\/posts"}],"about":[{"href":"https:\/\/cyclingpro.net\/velopro\/wp-json\/wp\/v2\/types\/post"}],"author":[{"embeddable":true,"href":"https:\/\/cyclingpro.net\/velopro\/wp-json\/wp\/v2\/users\/20"}],"replies":[{"embeddable":true,"href":"https:\/\/cyclingpro.net\/velopro\/wp-json\/wp\/v2\/comments?post=163784"}],"version-history":[{"count":0,"href":"https:\/\/cyclingpro.net\/velopro\/wp-json\/wp\/v2\/posts\/163784\/revisions"}],"wp:featuredmedia":[{"embeddable":true,"href":"https:\/\/cyclingpro.net\/velopro\/wp-json\/wp\/v2\/media\/163783"}],"wp:attachment":[{"href":"https:\/\/cyclingpro.net\/velopro\/wp-json\/wp\/v2\/media?parent=163784"}],"wp:term":[{"taxonomy":"category","embeddable":true,"href":"https:\/\/cyclingpro.net\/velopro\/wp-json\/wp\/v2\/categories?post=163784"},{"taxonomy":"post_tag","embeddable":true,"href":"https:\/\/cyclingpro.net\/velopro\/wp-json\/wp\/v2\/tags?post=163784"}],"curies":[{"name":"wp","href":"https:\/\/api.w.org\/{rel}","templated":true}]}}