{"id":163782,"date":"2025-12-26T11:37:35","date_gmt":"2025-12-26T10:37:35","guid":{"rendered":"https:\/\/cyclingpro.net\/velopro\/uncategorized\/philippe-gilbert-met-en-garde-tadej-pogacar-il-est-tres-genereux-je-me-demande-comment-il-arrive-a-se-reposer-et-a-se-concentrer-sur-lentrainement\/"},"modified":"2025-12-26T11:37:35","modified_gmt":"2025-12-26T10:37:35","slug":"philippe-gilbert-met-en-garde-tadej-pogacar-il-est-tres-genereux-je-me-demande-comment-il-arrive-a-se-reposer-et-a-se-concentrer-sur-lentrainement","status":"publish","type":"post","link":"https:\/\/cyclingpro.net\/velopro\/autre\/philippe-gilbert-met-en-garde-tadej-pogacar-il-est-tres-genereux-je-me-demande-comment-il-arrive-a-se-reposer-et-a-se-concentrer-sur-lentrainement\/","title":{"rendered":"Philippe Gilbert met en garde Tadej Pogacar : \u00ab\u00a0Il est tr\u00e8s g\u00e9n\u00e9reux, je me demande comment il arrive \u00e0 se reposer et \u00e0 se concentrer sur l&rsquo;entra\u00eenement\u00a0\u00bb."},"content":{"rendered":"<p><strong>Philippe Gilbert<\/strong> porte un regard critique sur l&rsquo;hiver de <strong>Tadej Pogacar<\/strong>. En effet, le vainqueur de l&rsquo;arc-en-ciel de Valkenburg souligne que la grande exposition \u00e0 laquelle est in\u00e9vitablement soumis le ph\u00e9nom\u00e8ne Komenda peut s&rsquo;av\u00e9rer \u00eatre son seul point faible. En effet, le Belge consid\u00e8re que les engagements du Slov\u00e8ne sont trop nombreux, surtout pendant la p\u00e9riode hivernale, un moment o\u00f9 tous les cyclistes ont besoin de se d\u00e9brancher, mentalement encore plus que physiquement, cr\u00e9ant ainsi potentiellement des fissures qui peuvent ensuite s&rsquo;\u00e9largir au cours de la saison (comme cela a d&rsquo;ailleurs parfois sembl\u00e9 se manifester cette ann\u00e9e, notamment \u00e0 la fin du Tour de France, lorsque la joie du succ\u00e8s semblait s&rsquo;\u00eatre apais\u00e9e pour laisser place \u00e0 ce regard m\u00e9lancolique).<\/p>\n<p>Conscient, pour l&rsquo;avoir v\u00e9cu lui-m\u00eame, qu&rsquo;il y a des engagements \u00e0 tenir entre sponsors, des apparitions pour l&rsquo;\u00e9quipe, des d\u00e9placements pour des \u00e9v\u00e9nements, des demandes incessantes d&rsquo;autographes, de poign\u00e9es de main et de selfies, l&rsquo;ancien coureur wallon met en garde la classe 1998. C&rsquo;est peut-\u00eatre justement cet aspect qui le fatigue, commente-t-il pour <em>Le Soir<\/em> &#8211; <strong>J&rsquo;ai \u00e9t\u00e9 surpris de le voir cet automne \u00e0 tant d&rsquo;endroits diff\u00e9rents<\/strong>. Je me demande parfois comment il arrive \u00e0 se reposer et \u00e0 se concentrer sur l&rsquo;entra\u00eenement\u00a0\u00bb.<\/p>\n<p>Apr\u00e8s avoir termin\u00e9 la course avec un nouveau triomphe record en Tour de Lombardie, Pogacar a souvent \u00e9t\u00e9 vu lors de divers \u00e9v\u00e9nements tels que les crit\u00e9riums d&rsquo;apr\u00e8s-saison \u00e0 Andorre et Monaco, ainsi que le sien en Slov\u00e9nie, puis lors de certains \u00e9v\u00e9nements li\u00e9s \u00e0 l&rsquo;\u00e9quipe \u00e0 Gran Canaria et aux \u00c9mirats, ce qui l&rsquo;a amen\u00e9 \u00e0 entreprendre des voyages et \u00e0 prendre des engagements qui l&rsquo;ont une fois de plus \u00e9loign\u00e9 de son domicile et l&rsquo;ont emp\u00each\u00e9 de tirer un trait sur sa carri\u00e8re. Il \u00e9tait pr\u00e9sent \u00e0 de nombreux \u00e9v\u00e9nements, poursuit Gilbert, il est toujours tr\u00e8s g\u00e9n\u00e9reux, il donne beaucoup de lui-m\u00eame, il fait don de mat\u00e9riel pour certaines ventes aux ench\u00e8res, etc. Mais de mi-octobre \u00e0 d\u00e9but d\u00e9cembre, un cycliste professionnel a besoin de repos et de silence<\/strong>\u00ab\u00a0.<\/p>\n<p>Dans le pass\u00e9, en effet, le quadruple vainqueur de la Grande Boucle a soulign\u00e9 \u00e0 plusieurs reprises la charge mentale que cela peut impliquer, sans se cacher, mais il ne peut pas enti\u00e8rement \u00e9viter les exigences contractuelles avec l&rsquo;\u00e9quipe et ses sponsors personnels (plut\u00f4t s\u00e9lectif \u00e9tant donn\u00e9 le non-n\u00e9cessit\u00e9 d&rsquo;encaisser \u00e0 tout prix, un aspect qu&rsquo;il a \u00e9t\u00e9 en mesure d&rsquo;\u00e9quilibrer judicieusement gr\u00e2ce aussi au soutien de ses managers). A cela s&rsquo;ajoute, comme le souligne Gilbert, le caract\u00e8re serviable et altruiste d&rsquo;un champion qui sait s&rsquo;offrir au public et aux fans, cr\u00e9ant in\u00e9vitablement un \u00e9quilibre \u00e0 raisonner pour doser les apparences avec la bonne sagesse.<\/p>\n","protected":false},"excerpt":{"rendered":"<p>Philippe Gilbert porte un regard critique sur l&rsquo;hiver de Tadej Pogacar. En effet, le vainqueur de l&rsquo;arc-en-ciel de Valkenburg souligne que la grande exposition \u00e0 laquelle est in\u00e9vitablement soumis le ph\u00e9nom\u00e8ne Komenda peut s&rsquo;av\u00e9rer \u00eatre son seul point faible. En effet, le Belge consid\u00e8re que les engagements du Slov\u00e8ne sont trop nombreux, surtout pendant la &hellip;<\/p>\n","protected":false},"author":20,"featured_media":163781,"comment_status":"open","ping_status":"open","sticky":false,"template":"","format":"standard","meta":{"footnotes":""},"categories":[3],"tags":[],"class_list":["post-163782","post","type-post","status-publish","format-standard","has-post-thumbnail","hentry","category-autre"],"_links":{"self":[{"href":"https:\/\/cyclingpro.net\/velopro\/wp-json\/wp\/v2\/posts\/163782","targetHints":{"allow":["GET"]}}],"collection":[{"href":"https:\/\/cyclingpro.net\/velopro\/wp-json\/wp\/v2\/posts"}],"about":[{"href":"https:\/\/cyclingpro.net\/velopro\/wp-json\/wp\/v2\/types\/post"}],"author":[{"embeddable":true,"href":"https:\/\/cyclingpro.net\/velopro\/wp-json\/wp\/v2\/users\/20"}],"replies":[{"embeddable":true,"href":"https:\/\/cyclingpro.net\/velopro\/wp-json\/wp\/v2\/comments?post=163782"}],"version-history":[{"count":0,"href":"https:\/\/cyclingpro.net\/velopro\/wp-json\/wp\/v2\/posts\/163782\/revisions"}],"wp:featuredmedia":[{"embeddable":true,"href":"https:\/\/cyclingpro.net\/velopro\/wp-json\/wp\/v2\/media\/163781"}],"wp:attachment":[{"href":"https:\/\/cyclingpro.net\/velopro\/wp-json\/wp\/v2\/media?parent=163782"}],"wp:term":[{"taxonomy":"category","embeddable":true,"href":"https:\/\/cyclingpro.net\/velopro\/wp-json\/wp\/v2\/categories?post=163782"},{"taxonomy":"post_tag","embeddable":true,"href":"https:\/\/cyclingpro.net\/velopro\/wp-json\/wp\/v2\/tags?post=163782"}],"curies":[{"name":"wp","href":"https:\/\/api.w.org\/{rel}","templated":true}]}}