{"id":163780,"date":"2025-12-26T11:11:30","date_gmt":"2025-12-26T10:11:30","guid":{"rendered":"https:\/\/cyclingpro.net\/velopro\/uncategorized\/ineos-grenadiers-geraint-thomas-et-sa-relation-avec-la-critique-parfois-je-linventais-pour-me-motiver-encore-plus\/"},"modified":"2025-12-26T11:11:30","modified_gmt":"2025-12-26T10:11:30","slug":"ineos-grenadiers-geraint-thomas-et-sa-relation-avec-la-critique-parfois-je-linventais-pour-me-motiver-encore-plus","status":"publish","type":"post","link":"https:\/\/cyclingpro.net\/velopro\/autre\/ineos-grenadiers-geraint-thomas-et-sa-relation-avec-la-critique-parfois-je-linventais-pour-me-motiver-encore-plus\/","title":{"rendered":"INEOS Grenadiers, Geraint Thomas et sa relation avec la critique : \u00ab\u00a0Parfois, je l&rsquo;inventais pour me motiver encore plus\u00a0\u00bb."},"content":{"rendered":"<p>Une carri\u00e8re particuli\u00e8re que celle de <strong>Geraint Thomas<\/strong>. Cycliste professionnel depuis quelques jours seulement, <a href=\"https:\/\/cyclingpro.net\/spaziociclismo\/worldtour\/uci-i-corridori-che-cambiano-squadra-potranno-usare-da-subito-maglia-e-componenti-della-nuova-squadra\/\">en raison d&rsquo;une bizarrerie r\u00e9glementaire que l&rsquo;UCI tente de modifier pour r\u00e9pondre aux besoins des \u00e9quipes<\/a>, le Gallois a pass\u00e9 19 saisons dans le peloton, la plupart sous le maillot de <strong>Sky<\/strong> \/ <strong>Ineos.<\/strong>Apr\u00e8s ses premi\u00e8res saisons chez <strong>Barloworld,<\/strong> celui qui \u00e9tait alors champion olympique \u00e0 Londres et double champion du monde sur piste (il a r\u00e9it\u00e9r\u00e9 son titre sur cinq cercles en 2012, ann\u00e9e o\u00f9 il a \u00e9galement remport\u00e9 son dernier championnat du monde sur un v\u00e9lodrome) rejoindra <strong>Dave Brailsford<\/strong> d\u00e8s la premi\u00e8re ann\u00e9e d&rsquo;existence de l&rsquo;\u00e9quipe, et y restera jusqu&rsquo;\u00e0 la fin de sa carri\u00e8re, <a href=\"https:\/\/cyclingpro.net\/spaziociclismo\/worldtour\/ineos-grenadiers-geraint-thomas-sara-direttore-tecnico-un-passo-naturale-entusiasta-di-costruire-assieme-il-futuro\/\">avant le passage \u00e0 la direction annonc\u00e9 ces derni\u00e8res semaines<\/a>.<\/p>\n<p>Un lien profond donc avec l&rsquo;\u00e9quipe britannique, dans laquelle il est arriv\u00e9 avec des ambitions sur les pav\u00e9s, puis s&rsquo;est transform\u00e9 en homme de grands tours, dans le sillage de Bradley Wiggins. Une carri\u00e8re pleine de succ\u00e8s et de changements qui ne font qu&rsquo;un avec celle de l&rsquo;\u00e9quipe qui a quelque peu boulevers\u00e9 le cyclisme au d\u00e9but de la derni\u00e8re d\u00e9cennie, dominant la sc\u00e8ne notamment au Tour de France o\u00f9 se sont succ\u00e9d\u00e9 sept succ\u00e8s en huit ans (interrompus par le seul triomphe de Vincenzo Nibali en 2014).<\/p>\n<p>Une perc\u00e9e historique qui a imm\u00e9diatement suscit\u00e9 l&rsquo;hostilit\u00e9. Une nouvelle \u00e9quipe, beaucoup d&rsquo;argent, de grands discours, ne venant pas d&rsquo;un pays traditionnellement li\u00e9 au cyclisme&#8230;. Nous avions des rouleaux pour nous \u00e9chauffer, alors que personne d&rsquo;autre n&rsquo;en avait. Tout le monde nous regardait et disait : \u00ab\u00a0Mais qui sont ces gars-l\u00e0 ? Vous, les jeunes, vous ne devriez pas \u00eatre ici. Et puis nous avons gagn\u00e9\u00a0\u00bb.<\/p>\n<p>Des critiques qui n&rsquo;ont pas manqu\u00e9 tout au long de sa carri\u00e8re, mais qu&rsquo;il a su utiliser et transformer en carburant pour devenir encore plus fort : \u00ab\u00a0Parfois, j&rsquo;inventais des histoires dans ma t\u00eate\u00a0\u00bb, avoue-t-il, \u00ab\u00a0En 2019, m\u00eame si je ne l&rsquo;avais pas encore entendu, je me disais : \u00ab\u00a0Les gens pensent probablement que ma victoire sur le Tour 2018 n&rsquo;\u00e9tait qu&rsquo;un coup de chance\u00a0\u00bb. Cela m&rsquo;a motiv\u00e9 encore plus\u00a0\u00bb.<\/p>\n","protected":false},"excerpt":{"rendered":"<p>Une carri\u00e8re particuli\u00e8re que celle de Geraint Thomas. Cycliste professionnel depuis quelques jours seulement, en raison d&rsquo;une bizarrerie r\u00e9glementaire que l&rsquo;UCI tente de modifier pour r\u00e9pondre aux besoins des \u00e9quipes, le Gallois a pass\u00e9 19 saisons dans le peloton, la plupart sous le maillot de Sky \/ Ineos.Apr\u00e8s ses premi\u00e8res saisons chez Barloworld, celui qui &hellip;<\/p>\n","protected":false},"author":20,"featured_media":163779,"comment_status":"open","ping_status":"open","sticky":false,"template":"","format":"standard","meta":{"footnotes":""},"categories":[3],"tags":[],"class_list":["post-163780","post","type-post","status-publish","format-standard","has-post-thumbnail","hentry","category-autre"],"_links":{"self":[{"href":"https:\/\/cyclingpro.net\/velopro\/wp-json\/wp\/v2\/posts\/163780","targetHints":{"allow":["GET"]}}],"collection":[{"href":"https:\/\/cyclingpro.net\/velopro\/wp-json\/wp\/v2\/posts"}],"about":[{"href":"https:\/\/cyclingpro.net\/velopro\/wp-json\/wp\/v2\/types\/post"}],"author":[{"embeddable":true,"href":"https:\/\/cyclingpro.net\/velopro\/wp-json\/wp\/v2\/users\/20"}],"replies":[{"embeddable":true,"href":"https:\/\/cyclingpro.net\/velopro\/wp-json\/wp\/v2\/comments?post=163780"}],"version-history":[{"count":0,"href":"https:\/\/cyclingpro.net\/velopro\/wp-json\/wp\/v2\/posts\/163780\/revisions"}],"wp:featuredmedia":[{"embeddable":true,"href":"https:\/\/cyclingpro.net\/velopro\/wp-json\/wp\/v2\/media\/163779"}],"wp:attachment":[{"href":"https:\/\/cyclingpro.net\/velopro\/wp-json\/wp\/v2\/media?parent=163780"}],"wp:term":[{"taxonomy":"category","embeddable":true,"href":"https:\/\/cyclingpro.net\/velopro\/wp-json\/wp\/v2\/categories?post=163780"},{"taxonomy":"post_tag","embeddable":true,"href":"https:\/\/cyclingpro.net\/velopro\/wp-json\/wp\/v2\/tags?post=163780"}],"curies":[{"name":"wp","href":"https:\/\/api.w.org\/{rel}","templated":true}]}}