{"id":163778,"date":"2025-12-26T10:00:36","date_gmt":"2025-12-26T09:00:36","guid":{"rendered":"https:\/\/cyclingpro.net\/velopro\/uncategorized\/totalenergies-le-nouveau-directeur-stephane-heulot-attaque-par-jerome-pineau-ils-ont-donne-lequipe-a-quelquun-qui-a-fait-beaucoup-de-degats-dans-le-passe\/"},"modified":"2025-12-26T10:00:36","modified_gmt":"2025-12-26T09:00:36","slug":"totalenergies-le-nouveau-directeur-stephane-heulot-attaque-par-jerome-pineau-ils-ont-donne-lequipe-a-quelquun-qui-a-fait-beaucoup-de-degats-dans-le-passe","status":"publish","type":"post","link":"https:\/\/cyclingpro.net\/velopro\/autre\/totalenergies-le-nouveau-directeur-stephane-heulot-attaque-par-jerome-pineau-ils-ont-donne-lequipe-a-quelquun-qui-a-fait-beaucoup-de-degats-dans-le-passe\/","title":{"rendered":"TotalEnergies, le nouveau directeur St\u00e9phane Heulot attaqu\u00e9 par J\u00e9r\u00f4me Pineau : \u00a0\u00bb Ils ont donn\u00e9 l&rsquo;\u00e9quipe \u00e0 quelqu&rsquo;un qui a fait beaucoup de d\u00e9g\u00e2ts dans le pass\u00e9 \u00ab\u00a0."},"content":{"rendered":"<p>Une pol\u00e9mique entoure les <strong>TotalEnergies<\/strong>. L&rsquo;\u00e9quipe professionnelle fran\u00e7aise a r\u00e9cemment connu un changement de direction important, puisque le \u00a0\u00bb guide \u00a0\u00bb historique, <strong>Jean-Ren\u00e9 Bernaudeau<\/strong>,<a href=\"https:\/\/cyclingpro.net\/spaziociclismo\/continental\/totalenergies-jean-rene-bernaudeau-rimane-al-comando-della-squadra-ma-arriva-anche-stephane-heulot-lex-lotto-sara-direttore-generale\/\" target=\"_blank\" rel=\"noopener\"> a c\u00e9d\u00e9 les r\u00eanes de manager g\u00e9n\u00e9ral \u00e0 <strong>St\u00e9phane Heulot<\/strong>,<\/a> fra\u00eechement d\u00e9barqu\u00e9 de son exp\u00e9rience chez Lotto. TotalEnergies fait \u00e9galement face \u00e0 une ann\u00e9e importante, puisque le sponsor principal mettra fin \u00e0 son engagement \u00e0 la fin de 2026, confrontant l&rsquo;\u00e9quipe \u00e0 une recherche d&rsquo;alternatives qui s&rsquo;annonce loin d&rsquo;\u00eatre ais\u00e9e. Dans tout cela, la figure de Heulot fait l&rsquo;objet de vives critiques.<\/p>\n<p>Bernaudeau a confi\u00e9 les r\u00eanes de l&rsquo;\u00e9quipe \u00e0 un homme qui a caus\u00e9 plus de d\u00e9g\u00e2ts que de succ\u00e8s aux \u00e9quipes avec lesquelles il a travaill\u00e9\u00a0\u00bb, a d\u00e9clar\u00e9 l&rsquo;ancien coureur et manager fran\u00e7ais J\u00e9r\u00f4me Pineau<\/strong> \u00e0 <a href=\"https:\/\/rmcsport.bfmtv.com\/cyclisme\/cyclisme-ce-n-est-pas-le-plus-fiable-des-mecs-pineau-critique-heulot-le-nouveau-manager-de-total-energies_AV-202512230086.html\" target=\"_blank\" rel=\"noopener\"><em>RMC Sport<\/em><\/a>. \u00ab\u00a0Je n&rsquo;ai caus\u00e9 de d\u00e9g\u00e2ts qu&rsquo;avec une seule \u00e9quipe (B&amp;B Hotels &#8211; ndlr) et j&rsquo;en assume la responsabilit\u00e9\u00a0\u00bb. <Mais dans le milieu du cyclisme, tout le monde sait que Heulot n'est pas la personne la plus fiable<\/strong>\u00ab\u00a0.<\/p>\n<p>Pineau r\u00e9it\u00e8re : \u00ab\u00a0Je ne peux pas savoir aujourd&rsquo;hui si ce choix portera ses fruits, mais permettez-moi d&rsquo;en douter s\u00e9rieusement. Heulot a notamment dirig\u00e9 Besson Chaussures (en 2009 &#8211; ndlr), Saur-Sojasun (2010-2013), Rallye (2019-2021) et Lotto (2023-2025). Son exp\u00e9rience chez Saur-Sojasun s&rsquo;est termin\u00e9e par le retrait du sponsor, tandis que l&rsquo;histoire du Lotto s&rsquo;est achev\u00e9e par une fusion, car il n&rsquo;avait plus les moyens de continuer seul. J&rsquo;esp\u00e8re maintenant que Heulot viendra avec des sponsors.<\/p>\n<p>La critique se poursuit : \u00ab\u00a0Heulot n&rsquo;a jamais concouru pour cette \u00e9quipe (fond\u00e9e en 2000 sous le nom de Bonjour-Toupargel &#8211; <em>ndr<\/em>). Quel message envoyons-nous ? TotalEnergies a vu passer des personnes bien plus brillantes que Heulot. <strong>De plus, c&rsquo;est une \u00e9quipe historique, enracin\u00e9e dans un territoire bien d\u00e9fini (la Vend\u00e9e &#8211; <em>ndr<\/em>). Tout cela a une philosophie sous-jacente que Bernaudeau a trahi avec ce choix.<\/strong> Je ne sais pas de quoi Heulot sera capable et si sa nomination portera ses fruits. Mais j&rsquo;ai de s\u00e9rieux doutes \u00e0 ce sujet.<\/p>\n","protected":false},"excerpt":{"rendered":"<p>Une pol\u00e9mique entoure les TotalEnergies. L&rsquo;\u00e9quipe professionnelle fran\u00e7aise a r\u00e9cemment connu un changement de direction important, puisque le \u00a0\u00bb guide \u00a0\u00bb historique, Jean-Ren\u00e9 Bernaudeau, a c\u00e9d\u00e9 les r\u00eanes de manager g\u00e9n\u00e9ral \u00e0 St\u00e9phane Heulot, fra\u00eechement d\u00e9barqu\u00e9 de son exp\u00e9rience chez Lotto. TotalEnergies fait \u00e9galement face \u00e0 une ann\u00e9e importante, puisque le sponsor principal mettra fin &hellip;<\/p>\n","protected":false},"author":20,"featured_media":163777,"comment_status":"open","ping_status":"open","sticky":false,"template":"","format":"standard","meta":{"footnotes":""},"categories":[3],"tags":[],"class_list":["post-163778","post","type-post","status-publish","format-standard","has-post-thumbnail","hentry","category-autre"],"_links":{"self":[{"href":"https:\/\/cyclingpro.net\/velopro\/wp-json\/wp\/v2\/posts\/163778","targetHints":{"allow":["GET"]}}],"collection":[{"href":"https:\/\/cyclingpro.net\/velopro\/wp-json\/wp\/v2\/posts"}],"about":[{"href":"https:\/\/cyclingpro.net\/velopro\/wp-json\/wp\/v2\/types\/post"}],"author":[{"embeddable":true,"href":"https:\/\/cyclingpro.net\/velopro\/wp-json\/wp\/v2\/users\/20"}],"replies":[{"embeddable":true,"href":"https:\/\/cyclingpro.net\/velopro\/wp-json\/wp\/v2\/comments?post=163778"}],"version-history":[{"count":0,"href":"https:\/\/cyclingpro.net\/velopro\/wp-json\/wp\/v2\/posts\/163778\/revisions"}],"wp:featuredmedia":[{"embeddable":true,"href":"https:\/\/cyclingpro.net\/velopro\/wp-json\/wp\/v2\/media\/163777"}],"wp:attachment":[{"href":"https:\/\/cyclingpro.net\/velopro\/wp-json\/wp\/v2\/media?parent=163778"}],"wp:term":[{"taxonomy":"category","embeddable":true,"href":"https:\/\/cyclingpro.net\/velopro\/wp-json\/wp\/v2\/categories?post=163778"},{"taxonomy":"post_tag","embeddable":true,"href":"https:\/\/cyclingpro.net\/velopro\/wp-json\/wp\/v2\/tags?post=163778"}],"curies":[{"name":"wp","href":"https:\/\/api.w.org\/{rel}","templated":true}]}}