{"id":163774,"date":"2025-12-26T08:44:38","date_gmt":"2025-12-26T07:44:38","guid":{"rendered":"https:\/\/cyclingpro.net\/velopro\/uncategorized\/uae-emirates-xrg-mauro-gianetti-sur-tadej-pogacar-quand-nous-lavons-recupere-on-pouvait-deja-dire-quil-etait-special-il-est-comme-roger-federer-il-na-pas-besoin-de-se-faire-passer-pour\/"},"modified":"2025-12-26T08:44:38","modified_gmt":"2025-12-26T07:44:38","slug":"uae-emirates-xrg-mauro-gianetti-sur-tadej-pogacar-quand-nous-lavons-recupere-on-pouvait-deja-dire-quil-etait-special-il-est-comme-roger-federer-il-na-pas-besoin-de-se-faire-passer-pour","status":"publish","type":"post","link":"https:\/\/cyclingpro.net\/velopro\/autre\/uae-emirates-xrg-mauro-gianetti-sur-tadej-pogacar-quand-nous-lavons-recupere-on-pouvait-deja-dire-quil-etait-special-il-est-comme-roger-federer-il-na-pas-besoin-de-se-faire-passer-pour\/","title":{"rendered":"UAE Emirates XRG, Mauro Gianetti sur Tadej Poga\u010dar : \u00ab\u00a0Quand nous l&rsquo;avons r\u00e9cup\u00e9r\u00e9, on pouvait d\u00e9j\u00e0 dire qu&rsquo;il \u00e9tait sp\u00e9cial &#8211; il est comme Roger Federer : il n&rsquo;a pas besoin de se faire passer pour une star, il l&rsquo;est"},"content":{"rendered":"<p><strong>Tadej Poga\u010dar<\/strong> est le coureur qui a radicalement chang\u00e9 l&rsquo;histoire du cyclisme. Parti de Slov\u00e9nie, il s&rsquo;est hiss\u00e9 sur le toit du monde au gr\u00e9 des victoires et des statistiques extraordinaires, avec lesquelles il r\u00e9\u00e9crit le livre des records du sport. \u00c0 27 ans, il a d\u00e9j\u00e0 nettement d\u00e9pass\u00e9 les 100 victoires en carri\u00e8re, remport\u00e9 quatre Tour de France, 10 Monument Classics, deux championnats du monde, parmi beaucoup d&rsquo;autres choses, faisant preuve d&rsquo;un talent qui n&rsquo;est souvent \u00e9gal\u00e9 par personne d&rsquo;autre. Tout cela avec une attitude qui est rest\u00e9e tout \u00e0 fait \u00ab\u00a0normale\u00a0\u00bb et authentique, du moins pour ce qui est visible en public.<\/p>\n<p>L&rsquo;une des personnes qui a v\u00e9cu l&rsquo;ascension retentissante de Tadej Poga\u010dar vers l&rsquo;Olympe du sport est <strong>Mauro Gianetti<\/strong>, le directeur g\u00e9n\u00e9ral du <strong>UAE Emirates XRG<\/strong>. Le Slov\u00e8ne a \u00e9t\u00e9 introduit dans les rangs professionnels \u00e0 un tr\u00e8s jeune \u00e2ge par l&rsquo;\u00e9quipe Emirates, et avec ce maillot, il a tout collectionn\u00e9, et il restera li\u00e9 \u00e0 ces couleurs pour longtemps. \u00ab\u00a0Notre directeur sportif, <strong>Matxin Fern\u00e1ndez<\/strong>, le suivait depuis un certain temps, raconte Gianetti \u00e0 <a href=\"https:\/\/shop.ridemagazine.nl\/products\/pre-order-nu-de-wintergids-van-ride-magazine-2025?utm_source=article&amp;utm_medium=web_WielerFlits&amp;utm_campaign=ride-winter25-oscar-onley\" target=\"_blank\" rel=\"noopener\"><em>RIDE Magazine<\/em><\/a> &#8211; Je l&rsquo;ai rencontr\u00e9 apr\u00e8s sa victoire au Tour de l&rsquo;Avenir 2018 et nous avons sign\u00e9 notre premier contrat avec lui \u00e0 ce moment-l\u00e0. On a tout de suite vu le charisme de ce type. <strong>Il n&rsquo;avait que 19 ans, mais il savait exactement ce qu&rsquo;il voulait.<\/strong> Il savait qu&rsquo;il pouvait devenir un champion, mais on ne voyait pas d&rsquo;arrogance en lui.\u00a0\u00bb<\/p>\n<p>Champion oui, mais \u00ab\u00a0tellement\u00a0\u00bb champion ? \u00ab\u00a0\u00c0 l&rsquo;\u00e9poque, il \u00e9tait un peu en surpoids, il pesait au moins quatre kilos de plus qu&rsquo;aujourd&rsquo;hui, se souvient l&rsquo;ancien coureur suisse, mais dans les longues ascensions, il battait d\u00e9j\u00e0 tout le monde. Nous avions des attentes, bien s\u00fbr, mais nous n&rsquo;imaginions m\u00eame pas \u00e0 l&rsquo;\u00e9poque que Tadej deviendrait ce qu&rsquo;il est aujourd&rsquo;hui. <Mais il d\u00e9gageait une \u00e9nergie qui m'a rappel\u00e9 ma premi\u00e8re rencontre avec Roger Federer<\/strong> : nous \u00e9tions ensemble en tant qu&rsquo;athl\u00e8tes aux Jeux olympiques de Sydney 2000 et quand je lui parlais, je sentais quelque chose de sp\u00e9cial en lui. Avec Tadej, c&rsquo;\u00e9tait la m\u00eame chose\u00a0\u00bb.<\/p>\n<p>D\u00e8s sa premi\u00e8re ann\u00e9e en tant que professionnel, Poga\u010dar a imm\u00e9diatement commenc\u00e9 \u00e0 encha\u00eener les succ\u00e8s et \u00e0 faire tourner plus d&rsquo;une t\u00eate : &lsquo;La premi\u00e8re fois qu&rsquo;il m&rsquo;a profond\u00e9ment impressionn\u00e9, c&rsquo;\u00e9tait lors de la Vuelta a Espa\u00f1a 2019&rsquo;, se souvient Gianetti : &lsquo;Lors de l&rsquo;avant-derni\u00e8re \u00e9tape, il est parti seul pendant 39 kilom\u00e8tres et il a gagn\u00e9&rsquo;. <a href=\"https:\/\/cyclingpro.net\/spaziociclismo\/vuelta-2019\/vuelta-a-espana-2019-pogacar-firma-il-tris-con-un-numero-da-lontano-roglic-vince-la-generale\/\" target=\"_blank\" rel=\"noopener\">Derri\u00e8re, il y avait tous les GC men qui poussaient, mais ils ne pouvaient pas s&rsquo;approcher de lui.<\/a> <strong>Et je pense que Tadej aurait m\u00eame gagn\u00e9 cette Vuelta (que Primo\u017e Rogli\u010d a remport\u00e9e \u00e0 sa place &#8211; ndlr) si Movistar n&rsquo;avait pas tir\u00e9 fort \u00e0 un moment donn\u00e9.<\/strong> Lors de cette premi\u00e8re ann\u00e9e, il fait ses d\u00e9buts au Tour Down Under, qu&rsquo;il termine 13\u00e8me : c&rsquo;est la seule course \u00e0 \u00e9tapes de sa carri\u00e8re qu&rsquo;il n&rsquo;a pas termin\u00e9e dans le top 10, mais seulement \u00e0 cause d&rsquo;une erreur de notre directeur sportif de l&rsquo;\u00e9poque&#8230;\u00a0\u00bb.<\/p>\n<p>L&rsquo;ann\u00e9e suivante, en 2020, c&rsquo;est la cons\u00e9cration, au Tour de France, <a href=\"https:\/\/cyclingpro.net\/spaziociclismo\/sintesi-gare\/tour-de-france-2020-capolavoro-di-tadej-pogacar-lo-sloveno-domina-la-crono-e-strappa-la-maglia-gialla-a-roglic\/\" target=\"_blank\" rel=\"noopener\">avec la m\u00e9morable victoire au contre-la-montre de La Planche des Belles Filles<\/a> : \u00ab\u00a0Ce jour-l\u00e0 signifiait tellement pour lui, poursuit Gianetti, il savait qu&rsquo;il pouvait gagner, mais il n&rsquo;y avait pas de pression de notre part. Nous avons tous cru en cette opportunit\u00e9, et il a fait comprendre au monde entier ce jour-l\u00e0 que nous avions affaire \u00e0 un athl\u00e8te sp\u00e9cial, <strong>qui concourait d\u00e9j\u00e0 avec un sourire sur le visage et une attitude insouciante dans l&rsquo;esprit<\/strong>\u00ab\u00a0.<\/p>\n<p>Ce succ\u00e8s a \u00e9galement fait ressortir certains aspects du caract\u00e8re de Poga\u010dar : \u00ab\u00a0Parvenir \u00e0 gagner un Tour de France \u00e0 cet \u00e2ge n&rsquo;est peut-\u00eatre pas facile, mais ce succ\u00e8s n&rsquo;a pas vraiment chang\u00e9 Tadej. Il n&rsquo;a pas commenc\u00e9 \u00e0 se sentir le roi du monde et ne s&rsquo;est pas imm\u00e9diatement achet\u00e9 une Ferrari. La premi\u00e8re chose \u00e0 laquelle il pensait \u00e9tait de gagner le Tour suivant, pour prouver qu&rsquo;il m\u00e9ritait cette victoire. Il ne se soucie pas d&rsquo;\u00eatre une star ou d&rsquo;\u00eatre populaire. Ce qui l&rsquo;int\u00e9resse, c&rsquo;est de gagner de grandes courses. Apr\u00e8s une course, il peut se concentrer sur la suivante et sur les opportunit\u00e9s qui se pr\u00e9sentent \u00e0 lui. <strong>Cela me rappelle aussi Federer : ce sont des champions qui n&rsquo;ont pas besoin de se faire passer pour des stars, ils le sont tout simplement.<\/strong> Ils ne recherchent pas l&rsquo;attention et ne pensent pas toujours \u00e0 de plus grandes maisons, \u00e0 des voitures ou \u00e0 des montres de luxe. Ils font simplement ce qu&rsquo;ils savent faire.<\/p>\n<p>Toutefois, la carri\u00e8re du Slov\u00e8ne n&rsquo;a pas \u00e9t\u00e9 jalonn\u00e9e que de grandes victoires. Les deux Tour de France qu&rsquo;il a perdus l&rsquo;ont rendu encore plus fort, estime Gianetti, et le fait que <strong>Jonas Vingegaard<\/strong> l&rsquo;ait battu en 2022 et 2023 l&rsquo;a pouss\u00e9 encore plus loin et l&rsquo;a rendu encore plus prudent dans son approche de l&rsquo;entra\u00eenement. Il r\u00e9colte aujourd&rsquo;hui les fruits de ce changement. <a href=\"https:\/\/cyclingpro.net\/spaziociclismo\/tour-2023\/tour-de-france-2023-tadej-pogacar-uno-dei-miei-giorni-peggiori-in-bici\/\" target=\"_blank\" rel=\"noopener\">La crise du col de la Loze en 2023&#8230; <\/a> <strong>Pour moi, cela reste le plus beau jour de la carri\u00e8re de Tadej : un champion comme lui qui termine l&rsquo;\u00e9tape compl\u00e8tement \u00e9puis\u00e9, \u00e0 sept minutes du leader&#8230;<\/strong> Je pense que quatre-vingt-dix fois sur cent, un coureur dans cet \u00e9tat finit par abandonner. Il aurait pu le faire, en montrant peut-\u00eatre qu&rsquo;il ne pouvait pas g\u00e9rer cette situation. Au lieu de cela, il a fait preuve de respect envers le Tour, envers Vingegaard lui-m\u00eame et envers l&rsquo;\u00e9quipe : il n&rsquo;a m\u00eame pas pens\u00e9 \u00e0 l&rsquo;abandon, il a accept\u00e9 la d\u00e9faite et a imm\u00e9diatement cherch\u00e9 \u00e0 se racheter. Trois jours plus tard, il remportait une \u00e9tape et s&rsquo;assurait la deuxi\u00e8me place au classement g\u00e9n\u00e9ral. A applaudir.<\/p>\n","protected":false},"excerpt":{"rendered":"<p>Tadej Poga\u010dar est le coureur qui a radicalement chang\u00e9 l&rsquo;histoire du cyclisme. Parti de Slov\u00e9nie, il s&rsquo;est hiss\u00e9 sur le toit du monde au gr\u00e9 des victoires et des statistiques extraordinaires, avec lesquelles il r\u00e9\u00e9crit le livre des records du sport. \u00c0 27 ans, il a d\u00e9j\u00e0 nettement d\u00e9pass\u00e9 les 100 victoires en carri\u00e8re, remport\u00e9 &hellip;<\/p>\n","protected":false},"author":20,"featured_media":163773,"comment_status":"open","ping_status":"open","sticky":false,"template":"","format":"standard","meta":{"footnotes":""},"categories":[3],"tags":[],"class_list":["post-163774","post","type-post","status-publish","format-standard","has-post-thumbnail","hentry","category-autre"],"_links":{"self":[{"href":"https:\/\/cyclingpro.net\/velopro\/wp-json\/wp\/v2\/posts\/163774","targetHints":{"allow":["GET"]}}],"collection":[{"href":"https:\/\/cyclingpro.net\/velopro\/wp-json\/wp\/v2\/posts"}],"about":[{"href":"https:\/\/cyclingpro.net\/velopro\/wp-json\/wp\/v2\/types\/post"}],"author":[{"embeddable":true,"href":"https:\/\/cyclingpro.net\/velopro\/wp-json\/wp\/v2\/users\/20"}],"replies":[{"embeddable":true,"href":"https:\/\/cyclingpro.net\/velopro\/wp-json\/wp\/v2\/comments?post=163774"}],"version-history":[{"count":0,"href":"https:\/\/cyclingpro.net\/velopro\/wp-json\/wp\/v2\/posts\/163774\/revisions"}],"wp:featuredmedia":[{"embeddable":true,"href":"https:\/\/cyclingpro.net\/velopro\/wp-json\/wp\/v2\/media\/163773"}],"wp:attachment":[{"href":"https:\/\/cyclingpro.net\/velopro\/wp-json\/wp\/v2\/media?parent=163774"}],"wp:term":[{"taxonomy":"category","embeddable":true,"href":"https:\/\/cyclingpro.net\/velopro\/wp-json\/wp\/v2\/categories?post=163774"},{"taxonomy":"post_tag","embeddable":true,"href":"https:\/\/cyclingpro.net\/velopro\/wp-json\/wp\/v2\/tags?post=163774"}],"curies":[{"name":"wp","href":"https:\/\/api.w.org\/{rel}","templated":true}]}}