{"id":163762,"date":"2025-12-24T17:25:15","date_gmt":"2025-12-24T16:25:15","guid":{"rendered":"https:\/\/cyclingpro.net\/velopro\/uncategorized\/transferts-2026-francisco-galvan-sarrete-apres-avoir-ete-licencie-par-kern-pharma-quitter-le-velo-ne-me-fait-pas-mal-cela-me-donne-limpression-davoir-laisse-tomber-mes-proches\/"},"modified":"2025-12-24T17:25:15","modified_gmt":"2025-12-24T16:25:15","slug":"transferts-2026-francisco-galvan-sarrete-apres-avoir-ete-licencie-par-kern-pharma-quitter-le-velo-ne-me-fait-pas-mal-cela-me-donne-limpression-davoir-laisse-tomber-mes-proches","status":"publish","type":"post","link":"https:\/\/cyclingpro.net\/velopro\/autre\/transferts-2026-francisco-galvan-sarrete-apres-avoir-ete-licencie-par-kern-pharma-quitter-le-velo-ne-me-fait-pas-mal-cela-me-donne-limpression-davoir-laisse-tomber-mes-proches\/","title":{"rendered":"Transferts 2026, Francisco Galv\u00e1n s&rsquo;arr\u00eate apr\u00e8s avoir \u00e9t\u00e9 licenci\u00e9 par Kern Pharma : \u00ab\u00a0Quitter le v\u00e9lo ne me fait pas mal, cela me donne l&rsquo;impression d&rsquo;avoir laiss\u00e9 tomber mes proches\u00a0\u00bb."},"content":{"rendered":"<p>Une vid\u00e9o devenue virale au d\u00e9but du mois d&rsquo;octobre semble avoir mis fin \u00e0 la carri\u00e8re de Francisco Galv\u00e1n<\/strong>. Il y a environ trois mois, un film a \u00e9t\u00e9 publi\u00e9 sur les m\u00e9dias sociaux (voir ci-dessous) montrant le coureur espagnol sautant \u00e0 plusieurs reprises un s\u00e9parateur de descente lors d&rsquo;une s\u00e9ance d&rsquo;entra\u00eenement, une action qui non seulement mettait sa s\u00e9curit\u00e9 en danger, mais violait \u00e9galement les r\u00e8gles de s\u00e9curit\u00e9 routi\u00e8re. Apr\u00e8s cette vid\u00e9o, son \u00e9quipe, l&rsquo;<strong>Equipo Kern Pharma<\/strong>, a annonc\u00e9 qu&rsquo;elle prendrait des mesures disciplinaires contre le jeune homme de 28 ans, qui, bien qu&rsquo;ayant un contrat avec l&rsquo;\u00e9quipe jusqu&rsquo;\u00e0 la fin de 2026, n&rsquo;a pas \u00e9t\u00e9 confirm\u00e9 ces derni\u00e8res semaines dans l&rsquo;effectif pour la saison prochaine, \u00e9tant de fait licenci\u00e9. Un licenciement qui a eu des cons\u00e9quences majeures pour Galv\u00e1n, qui dans un post sur son <a href=\"https:\/\/www.instagram.com\/kikogalvan\/p\/DSneZF1jO-W\/\"><em>Instagram<\/em><\/a> profil a racont\u00e9 comment sa vie a chang\u00e9 au cours des derniers mois.<\/p>\n<p>\u00ab\u00a0Cette ann\u00e9e, j&rsquo;ai d\u00fb vendre ma voiture apr\u00e8s avoir \u00e9t\u00e9 exclu de l&rsquo;\u00e9quipe<\/strong>\u00ab\u00a0, a \u00e9crit le joueur de 28 ans. C&rsquo;est \u00e0 ce moment-l\u00e0 que j&rsquo;ai r\u00e9alis\u00e9 \u00e0 quel point les choses peuvent changer rapidement. <Depuis, je m'entra\u00eene en noir. Pas pour l'esth\u00e9tique, mais parce que c'est ce que je ressens. Pourtant, les gens me reconnaissent, m'arr\u00eatent, me posent des questions. Et je souris, mais \u00e0 l'int\u00e9rieur, j'ai honte. Honte d'avoir \u00e9chou\u00e9<\/strong>. De d\u00e9cevoir mes parents. Les miens. Ma petite amie, qui a \u00e9t\u00e9 la seule \u00e0 me soutenir quand tout s&rsquo;\u00e9croulait\u00a0\u00bb.<\/p>\n<p>\u00ab\u00a0Je n&rsquo;\u00e9cris pas cela pour attirer la sympathie ou pour justifier quoi que ce soit\u00a0\u00bb, poursuit l&rsquo;Espagnol, \u00ab\u00a0<strong>j&rsquo;ai fait une erreur. Une erreur a des cons\u00e9quences et je les paie<\/strong>. Je pr\u00e9sente mes excuses \u00e0 tous ceux qui se sont sentis concern\u00e9s\u00a0\u00bb. L&rsquo;ancien coureur de Kern Pharma laisse entendre que sa carri\u00e8re est pratiquement termin\u00e9e : \u00ab\u00a0<strong>Quitter le cyclisme ne me fait pas de mal<\/strong>. J&rsquo;ai v\u00e9cu le cyclisme comme je l&rsquo;entendais : \u00e0 fond, avec mon c\u0153ur, sans demi-mesure. <strong>Ce qui me fait mal, c&rsquo;est de sentir que j&rsquo;ai laiss\u00e9 tomber mes proches<\/strong>.<strong>C&rsquo;est le plus dur. Aujourd&rsquo;hui, je ne dis pas au revoir. Je m&rsquo;arr\u00eate tout simplement<\/strong>. Je respire. Et j&rsquo;avance, comme je peux, mais les pieds sur terre. Parce que la vie ne vous laisse pas toujours choisir la route, mais elle vous laisse choisir la mani\u00e8re de la parcourir\u00a0\u00bb.<\/p>\n<blockquote class=\"twitter-tweet\" data-media-max-width=\"560\">\n<p dir=\"ltr\" lang=\"fr\"><a href=\"https:\/\/twitter.com\/hashtag\/Divers?src=hash&amp;ref_src=twsrc%5Etfw\">#Divers<\/a> &#038;#x1f6b2 ; \/ Kern Pharma prend des \u00ab\u00a0mesures disciplinaires\u00a0\u00bb contre &#x1f1ea;&#038;#x1f1f8 ; Kiko Galvan pour avoir \u00ab\u00a0enfreint le code de la route\u00a0\u00bb.<\/p>\n<p>L&rsquo;\u00e9quipe exprime \u00ab\u00a0son indignation\u00a0\u00bb face aux actions de son coureur. <a href=\"https:\/\/t.co\/5tQCRDU55U\">pic.twitter.com\/5tQCRDU55U<\/a><\/p>\n<pic.twitter.com\/5tQCRDU55U<\/a>\n<p>&#8211; Renaud Breban (@RenaudB31) <a href=\"https:\/\/twitter.com\/RenaudB31\/status\/1974723355514134565?ref_src=twsrc%5Etfw\">5 octobre 2025<\/a><\/p><\/blockquote>\n<p><script async src=\"https:\/\/platform.twitter.com\/widgets.js\" charset=\"utf-8\"><\/script><\/p>\n","protected":false},"excerpt":{"rendered":"<p>Une vid\u00e9o devenue virale au d\u00e9but du mois d&rsquo;octobre semble avoir mis fin \u00e0 la carri\u00e8re de Francisco Galv\u00e1n. Il y a environ trois mois, un film a \u00e9t\u00e9 publi\u00e9 sur les m\u00e9dias sociaux (voir ci-dessous) montrant le coureur espagnol sautant \u00e0 plusieurs reprises un s\u00e9parateur de descente lors d&rsquo;une s\u00e9ance d&rsquo;entra\u00eenement, une action qui &hellip;<\/p>\n","protected":false},"author":20,"featured_media":163761,"comment_status":"open","ping_status":"open","sticky":false,"template":"","format":"standard","meta":{"footnotes":""},"categories":[3],"tags":[],"class_list":["post-163762","post","type-post","status-publish","format-standard","has-post-thumbnail","hentry","category-autre"],"_links":{"self":[{"href":"https:\/\/cyclingpro.net\/velopro\/wp-json\/wp\/v2\/posts\/163762","targetHints":{"allow":["GET"]}}],"collection":[{"href":"https:\/\/cyclingpro.net\/velopro\/wp-json\/wp\/v2\/posts"}],"about":[{"href":"https:\/\/cyclingpro.net\/velopro\/wp-json\/wp\/v2\/types\/post"}],"author":[{"embeddable":true,"href":"https:\/\/cyclingpro.net\/velopro\/wp-json\/wp\/v2\/users\/20"}],"replies":[{"embeddable":true,"href":"https:\/\/cyclingpro.net\/velopro\/wp-json\/wp\/v2\/comments?post=163762"}],"version-history":[{"count":0,"href":"https:\/\/cyclingpro.net\/velopro\/wp-json\/wp\/v2\/posts\/163762\/revisions"}],"wp:featuredmedia":[{"embeddable":true,"href":"https:\/\/cyclingpro.net\/velopro\/wp-json\/wp\/v2\/media\/163761"}],"wp:attachment":[{"href":"https:\/\/cyclingpro.net\/velopro\/wp-json\/wp\/v2\/media?parent=163762"}],"wp:term":[{"taxonomy":"category","embeddable":true,"href":"https:\/\/cyclingpro.net\/velopro\/wp-json\/wp\/v2\/categories?post=163762"},{"taxonomy":"post_tag","embeddable":true,"href":"https:\/\/cyclingpro.net\/velopro\/wp-json\/wp\/v2\/tags?post=163762"}],"curies":[{"name":"wp","href":"https:\/\/api.w.org\/{rel}","templated":true}]}}