{"id":163756,"date":"2025-12-24T15:33:19","date_gmt":"2025-12-24T14:33:19","guid":{"rendered":"https:\/\/cyclingpro.net\/velopro\/uncategorized\/red-bull-bora-hansgrohe-jan-ullrich-lance-florian-lipowtiz-il-peut-sameliorer-et-les-autres-vieillissent\/"},"modified":"2025-12-24T15:33:19","modified_gmt":"2025-12-24T14:33:19","slug":"red-bull-bora-hansgrohe-jan-ullrich-lance-florian-lipowtiz-il-peut-sameliorer-et-les-autres-vieillissent","status":"publish","type":"post","link":"https:\/\/cyclingpro.net\/velopro\/autre\/red-bull-bora-hansgrohe-jan-ullrich-lance-florian-lipowtiz-il-peut-sameliorer-et-les-autres-vieillissent\/","title":{"rendered":"Red Bull &#8211; BORA &#8211; hansgrohe, Jan Ullrich lance Florian Lipowtiz : \u00ab\u00a0Il peut s&rsquo;am\u00e9liorer et les autres vieillissent\u00a0\u00bb."},"content":{"rendered":"<p><strong>Jan Ullrich <\/strong>pousse <a href=\"https:\/\/cyclingpro.net\/spaziociclismo\/worldtour\/red-bull-bora-hansgrohe-remco-evenepoel-e-pronto-a-sfidare-la-super-uae-al-tour-de-france-sia-io-che-lipowitz-abbiamo-gia-fatto-un-terzo-posto-e-ce-spazio-per-migliorare\/\" target=\"_blank\" rel=\"noopener\"><strong>Florian Lipowitz<\/strong><\/a>. L&rsquo;un des coureurs les plus importants de l&rsquo;histoire du cyclisme allemand, vainqueur du Tour de France 1997, a \u00e9t\u00e9 impressionn\u00e9 par les performances de son jeune compatriote, qui est mont\u00e9 sur le podium de la Grande Boucle de cette ann\u00e9e derri\u00e8re les incontournables <strong>Tadej Pogacar<\/strong> (UAE Team Emirates XRG) et <strong>Jonas Vingegaard<\/strong> (Visma | Lease a Bike). Le <strong>Red Bull &#8211; BORA &#8211; Hansgrohe<\/strong> a fait preuve d&rsquo;une grande solidit\u00e9 durant ces trois semaines, r\u00e9sistant aux attaques de <strong><a href=\"https:\/\/cyclingpro.net\/spaziociclismo\/worldtour\/ineos-grenadiers-ufficiale-larrivo-di-oscar-onley-sono-cresciuto-guardando-geraint-thomas\/\" target=\"_blank\" rel=\"noopener\">Oscar Onley<\/a> <\/strong>(Team Picnic PostNL) pour conserver le podium et le maillot blanc de meilleur jeune, malgr\u00e9 la pression d&rsquo;avoir un grand nom comme <strong>Primoz Roglic<\/strong> au sein de son \u00e9quipe. L&rsquo;avenir semble d\u00e9sormais \u00eatre de son c\u00f4t\u00e9, m\u00eame si l&rsquo;arriv\u00e9e de <strong>Remco Evenepoel<\/strong> dans l&rsquo;\u00e9quipe pourrait lui prendre un peu de place.<\/p>\n<p>Dans une interview accord\u00e9e \u00e0 <em>SPORT1<\/em>, <strong>Jan Ullrich<\/strong> a eu des mots doux pour son compatriote, parlant de son avenir avec un certain optimisme, allant m\u00eame jusqu&rsquo;\u00e0 sp\u00e9culer sur un r\u00e9sultat encore plus important \u00e0 l&rsquo;avenir : \u00ab\u00a0Florian a encore quelque chose dans sa r\u00e9serve. <strong>Je ne pense pas qu&rsquo;il ait d\u00e9j\u00e0 atteint son apog\u00e9e<\/strong>. <Il peut encore progresser et les autres vieillissent aussi<\/strong>. A un moment donn\u00e9, il y aura un d\u00e9clin. <Les fondations sont solides : il a une bonne \u00e9quipe, un bon environnement et un fort caract\u00e8re<\/strong>\u00ab\u00a0.<\/p>\n<p>Apr\u00e8s avoir r\u00e9v\u00e9l\u00e9 qu&rsquo;il est en contact r\u00e9gulier avec <strong>Florian Lipowitz<\/strong>, le vainqueur du Tour de France 1997 assure que l&rsquo;homme de 2000 ans a la bonne mentalit\u00e9 pour faire un nouveau bond en avant, ce qui profiterait \u00e9galement au mouvement cycliste en Allemagne : \u00ab\u00a0Il s&rsquo;entra\u00eene dur jusqu&rsquo;\u00e0 No\u00ebl. Il se pr\u00e9pare d\u00e9j\u00e0 pour l&rsquo;ann\u00e9e prochaine. <S'il a un peu de chance, il peut certainement obtenir un meilleur r\u00e9sultat l'ann\u00e9e prochaine<\/strong>. C&rsquo;\u00e9tait super de voir Lipo sur le podium des Champs \u00c9lys\u00e9es avec Vingegaard et Pogacar. <strong>On peut d\u00e9j\u00e0 constater un petit boom du cyclisme en Allemagne<\/strong>. Je le vois avec mes enfants. Il est \u00e9vident que quelque chose s&rsquo;allume lorsqu&rsquo;un Allemand court dans les premi\u00e8res places.<\/p>\n","protected":false},"excerpt":{"rendered":"<p>Jan Ullrich pousse Florian Lipowitz. L&rsquo;un des coureurs les plus importants de l&rsquo;histoire du cyclisme allemand, vainqueur du Tour de France 1997, a \u00e9t\u00e9 impressionn\u00e9 par les performances de son jeune compatriote, qui est mont\u00e9 sur le podium de la Grande Boucle de cette ann\u00e9e derri\u00e8re les incontournables Tadej Pogacar (UAE Team Emirates XRG) et &hellip;<\/p>\n","protected":false},"author":20,"featured_media":163755,"comment_status":"open","ping_status":"open","sticky":false,"template":"","format":"standard","meta":{"footnotes":""},"categories":[3],"tags":[],"class_list":["post-163756","post","type-post","status-publish","format-standard","has-post-thumbnail","hentry","category-autre"],"_links":{"self":[{"href":"https:\/\/cyclingpro.net\/velopro\/wp-json\/wp\/v2\/posts\/163756","targetHints":{"allow":["GET"]}}],"collection":[{"href":"https:\/\/cyclingpro.net\/velopro\/wp-json\/wp\/v2\/posts"}],"about":[{"href":"https:\/\/cyclingpro.net\/velopro\/wp-json\/wp\/v2\/types\/post"}],"author":[{"embeddable":true,"href":"https:\/\/cyclingpro.net\/velopro\/wp-json\/wp\/v2\/users\/20"}],"replies":[{"embeddable":true,"href":"https:\/\/cyclingpro.net\/velopro\/wp-json\/wp\/v2\/comments?post=163756"}],"version-history":[{"count":0,"href":"https:\/\/cyclingpro.net\/velopro\/wp-json\/wp\/v2\/posts\/163756\/revisions"}],"wp:featuredmedia":[{"embeddable":true,"href":"https:\/\/cyclingpro.net\/velopro\/wp-json\/wp\/v2\/media\/163755"}],"wp:attachment":[{"href":"https:\/\/cyclingpro.net\/velopro\/wp-json\/wp\/v2\/media?parent=163756"}],"wp:term":[{"taxonomy":"category","embeddable":true,"href":"https:\/\/cyclingpro.net\/velopro\/wp-json\/wp\/v2\/categories?post=163756"},{"taxonomy":"post_tag","embeddable":true,"href":"https:\/\/cyclingpro.net\/velopro\/wp-json\/wp\/v2\/tags?post=163756"}],"curies":[{"name":"wp","href":"https:\/\/api.w.org\/{rel}","templated":true}]}}