{"id":163754,"date":"2025-12-24T15:06:55","date_gmt":"2025-12-24T14:06:55","guid":{"rendered":"https:\/\/cyclingpro.net\/velopro\/uncategorized\/visma-lease-a-bike-jonas-vingegaard-jaurais-pu-gagner-le-tour-2025-je-le-crois-encore-chez-visma-nous-roulons-a-linstinct\/"},"modified":"2025-12-24T15:06:55","modified_gmt":"2025-12-24T14:06:55","slug":"visma-lease-a-bike-jonas-vingegaard-jaurais-pu-gagner-le-tour-2025-je-le-crois-encore-chez-visma-nous-roulons-a-linstinct","status":"publish","type":"post","link":"https:\/\/cyclingpro.net\/velopro\/autre\/visma-lease-a-bike-jonas-vingegaard-jaurais-pu-gagner-le-tour-2025-je-le-crois-encore-chez-visma-nous-roulons-a-linstinct\/","title":{"rendered":"Visma | Lease a Bike, Jonas Vingegaard : \u00ab\u00a0J&rsquo;aurais pu gagner le Tour 2025, je le crois encore. Chez Visma, nous roulons \u00e0 l&rsquo;instinct\u00a0\u00bb."},"content":{"rendered":"<p><strong>Jonas Vingegaard <\/strong>r\u00e9fl\u00e9chit \u00e0 sa deuxi\u00e8me place au <strong>Tour de France 2025<\/strong> et \u00e0 la mani\u00e8re dont il a roul\u00e9 sur le <strong>Visma | Lease a Bike<\/strong>. Le coureur danois semblait \u00eatre le seul capable de rivaliser avec <a href=\"https:\/\/cyclingpro.net\/spaziociclismo\/worldtour\/uae-team-emirates-xrg-lo-speciale-sky-su-tadej-pogacar-il-campione-della-gente\/\" target=\"_blank\" rel=\"noopener\"><strong>Tadej Poga\u010dar<\/strong><\/a> pendant la Grande Boucle, m\u00eame s&rsquo;il est vite apparu que le <strong>UAE Team Emirates XRG<\/strong> avait d\u00e9finitivement quelque chose de plus que tous les autres. Apr\u00e8s avoir perdu plus de deux minutes dans le Hautacam et environ 1&rsquo;35\u00a0\u00bb dans les deux contre-la-montre individuels (le plat de Caen et le contre-la-montre de Peyragudes), il \u00e9tait clair que la classe 96 allait se battre pour la deuxi\u00e8me place, qu&rsquo;il a d&rsquo;ailleurs obtenue malgr\u00e9 quelques tentatives de surprendre son grand rival. Le Slov\u00e8ne remporte ainsi le quatri\u00e8me Tour de France de sa carri\u00e8re, tandis que le Danois en reste \u00e0 deux.<\/p>\n<p>Dans le <a href=\"https:\/\/www.youtube.com\/watch?v=kMOyoSF2t64\" target=\"_blank\" rel=\"noopener\">podcast <em>Inside the Beehive<\/em><\/a>, <strong>Jonas Vingegaard <\/strong>s&rsquo;est exprim\u00e9 sur le r\u00e9sultat en France, reconstruisant \u00e9galement la strat\u00e9gie de son \u00e9quipe : \u00a0\u00bb Le Tour \u00e9tait peut-\u00eatre la premi\u00e8re fois depuis ma chute en 2024 que je retrouvais plus ou moins les m\u00eames chiffres de puissance. Il m&rsquo;a fallu beaucoup de temps pour y parvenir. C&rsquo;\u00e9tait une grosse chute et la r\u00e9cup\u00e9ration a \u00e9t\u00e9 plus difficile que je ne le pensais. Au Tour de cette ann\u00e9e, nous voulions faire une course agressive pour mettre la pression sur Pogacar. Avec le recul, nous aurions peut-\u00eatre pu agir diff\u00e9remment, mais il est toujours facile d&rsquo;\u00eatre intelligent apr\u00e8s coup. J&rsquo;aimais courir plus au feeling, plus agressivement. On n&rsquo;est pas oblig\u00e9 de courir comme \u00e7a tout le temps, mais pour une fois, c&rsquo;\u00e9tait bien d&rsquo;essayer.\u00a0\u00bb<\/p>\n<div class=\"@container flex-col gap-4\" data-field=\"text\">\n<div class=\"text-16asrem rich-content flex-col gap-6 leading-[180%] font-light\" data-contenttags=\"\">\n<p>Je crois toujours que j&rsquo;aurais pu gagner\u00a0\u00bb, a ajout\u00e9 le Danois, qui est arriv\u00e9 \u00e0 Paris avec 4&rsquo;24\u00a0\u00bb de retard sur le vainqueur, \u00ab\u00a0quelques jours difficiles ont fait une grande diff\u00e9rence\u00a0\u00bb. <Quelques jours difficiles ont fait la diff\u00e9rence. Mais \u00e0 la fin, c'est le meilleur qui a gagn\u00e9. Cela devrait nous donner de la motivation pour l'ann\u00e9e prochaine. <strong>Les gens disent que dans le Visma | Lease a Bike nous sommes robotis\u00e9s. Je pense que nous avons montr\u00e9 que nous suivons notre instinct<\/strong>. Si je me sens bien un jour, je vais chercher la victoire d&rsquo;\u00e9tape. Parfois, vous n&rsquo;avez pas besoin de plan, mais de courage.<\/p>\n<p>Enfin, <a href=\"https:\/\/cyclingpro.net\/spaziociclismo\/ciclomercato\/vismalease-a-bike-jonas-vingegaard-giura-fedelta-alla-squadra-non-mi-vedo-a-correre-da-nessuna-altra-parte\/\" target=\"_blank\" rel=\"noopener\"><strong>Jonas Vingegaard <\/strong><\/a> a \u00e9voqu\u00e9 la remise des prix particuli\u00e8re de la <strong>Vuelta a Espa\u00f1a 2025<\/strong>, effectu\u00e9e sur un parking apr\u00e8s les manifestations des protestataires de ProPal \u00e0 Madrid : &lsquo;Je suis rentr\u00e9 d\u00e9\u00e7u \u00e0 l&rsquo;h\u00f4tel. <J'ai pris des chips et une bi\u00e8re et je me suis assis \u00e0 l'arri\u00e8re du bus. Puis quelqu'un m'a dit qu'il travaillait pour une c\u00e9r\u00e9monie de remise de prix sur le parking. <strong>C&rsquo;est devenu l&rsquo;une des c\u00e9r\u00e9monies de podium les plus m\u00e9morables que j&rsquo;aie jamais v\u00e9cues<\/strong>. C&rsquo;\u00e9tait plus intime. Je devais juste faire attention \u00e0 ne pas tomber de ce podium improvis\u00e9\u00a0\u00bb.<\/p>\n<\/div>\n<\/div>\n<div class=\"@container flex-col gap-4\" data-field=\"images\">\n<div class=\"js-image-slider\" data-id=\"110112\" data-caption=\"\">\n<div><image><source srcset=\"https:\/\/domestique-cycling.b-cdn.net\/production\/2025\/Tour-de-France\/CORVOS_00038183-134.jpg?format=webp&amp;quality=85&amp;width=1290 1x, https:\/\/domestique-cycling.b-cdn.net\/production\/2025\/Tour-de-France\/CORVOS_00038183-134.jpg?format=webp&amp;quality=71&amp;width=1720 2x\" type=\"image\/webp\" \/><source srcset=\"https:\/\/domestique-cycling.b-cdn.net\/production\/2025\/Tour-de-France\/CORVOS_00038183-134.jpg?format=jpeg&amp;quality=85&amp;width=1290 1x, https:\/\/domestique-cycling.b-cdn.net\/production\/2025\/Tour-de-France\/CORVOS_00038183-134.jpg?format=jpeg&amp;quality=71&amp;width=1720 2x\" type=\"image\/jpeg\" \/><\/picture><\/div>\n<\/div>\n<\/div>\n","protected":false},"excerpt":{"rendered":"<p>Jonas Vingegaard r\u00e9fl\u00e9chit \u00e0 sa deuxi\u00e8me place au Tour de France 2025 et \u00e0 la mani\u00e8re dont il a roul\u00e9 sur le Visma | Lease a Bike. Le coureur danois semblait \u00eatre le seul capable de rivaliser avec Tadej Poga\u010dar pendant la Grande Boucle, m\u00eame s&rsquo;il est vite apparu que le UAE Team Emirates XRG &hellip;<\/p>\n","protected":false},"author":20,"featured_media":163753,"comment_status":"open","ping_status":"open","sticky":false,"template":"","format":"standard","meta":{"footnotes":""},"categories":[3],"tags":[],"class_list":["post-163754","post","type-post","status-publish","format-standard","has-post-thumbnail","hentry","category-autre"],"_links":{"self":[{"href":"https:\/\/cyclingpro.net\/velopro\/wp-json\/wp\/v2\/posts\/163754","targetHints":{"allow":["GET"]}}],"collection":[{"href":"https:\/\/cyclingpro.net\/velopro\/wp-json\/wp\/v2\/posts"}],"about":[{"href":"https:\/\/cyclingpro.net\/velopro\/wp-json\/wp\/v2\/types\/post"}],"author":[{"embeddable":true,"href":"https:\/\/cyclingpro.net\/velopro\/wp-json\/wp\/v2\/users\/20"}],"replies":[{"embeddable":true,"href":"https:\/\/cyclingpro.net\/velopro\/wp-json\/wp\/v2\/comments?post=163754"}],"version-history":[{"count":0,"href":"https:\/\/cyclingpro.net\/velopro\/wp-json\/wp\/v2\/posts\/163754\/revisions"}],"wp:featuredmedia":[{"embeddable":true,"href":"https:\/\/cyclingpro.net\/velopro\/wp-json\/wp\/v2\/media\/163753"}],"wp:attachment":[{"href":"https:\/\/cyclingpro.net\/velopro\/wp-json\/wp\/v2\/media?parent=163754"}],"wp:term":[{"taxonomy":"category","embeddable":true,"href":"https:\/\/cyclingpro.net\/velopro\/wp-json\/wp\/v2\/categories?post=163754"},{"taxonomy":"post_tag","embeddable":true,"href":"https:\/\/cyclingpro.net\/velopro\/wp-json\/wp\/v2\/tags?post=163754"}],"curies":[{"name":"wp","href":"https:\/\/api.w.org\/{rel}","templated":true}]}}