{"id":163533,"date":"2025-12-18T16:10:36","date_gmt":"2025-12-18T15:10:36","guid":{"rendered":"https:\/\/cyclingpro.net\/velopro\/uncategorized\/ineos-grenadiers-le-developpement-de-lequipe-est-ne-deux-italiens-dans-leffectif\/"},"modified":"2025-12-18T16:10:36","modified_gmt":"2025-12-18T15:10:36","slug":"ineos-grenadiers-le-developpement-de-lequipe-est-ne-deux-italiens-dans-leffectif","status":"publish","type":"post","link":"https:\/\/cyclingpro.net\/velopro\/autre\/ineos-grenadiers-le-developpement-de-lequipe-est-ne-deux-italiens-dans-leffectif\/","title":{"rendered":"INEOS Grenadiers, le d\u00e9veloppement de l&rsquo;\u00e9quipe est n\u00e9 : deux Italiens dans l&rsquo;effectif"},"content":{"rendered":"<p>L&rsquo;<strong>INEOS Grenadiers <\/strong>a lanc\u00e9 sa ligne de <strong>d\u00e9veloppement<\/strong>. L&rsquo;\u00e9quipe britannique est l&rsquo;une des derni\u00e8res \u00e9quipes WorldTour \u00e0 ne pas avoir son propre projet pour les moins de 23 ans : par le pass\u00e9, elle s&rsquo;\u00e9tait associ\u00e9e \u00e0 l&rsquo;\u00e9quipe allemande Lotto Kern-Haus PSD Bank et, en 2025, \u00e0 Hot Tubes Development Cycling, une \u00e9quipe junior bas\u00e9e aux \u00c9tats-Unis et l&rsquo;une des plus anciennes et des plus performantes d&rsquo;Am\u00e9rique du Nord. Le jeudi 18 d\u00e9cembre, les <strong><a href=\"https:\/\/cyclingpro.net\/spaziociclismo\/maglie-e-telai\/ineos-grenadiers-maglia-radicalmente-cambiata-per-la-stagione-2026\/\" target=\"_blank\" rel=\"noopener\">INEOS Grenadiers<\/a> <\/strong>ont annonc\u00e9 la naissance de la <strong>INEOS Grenadiers Racing Academy<\/strong>, pr\u00e9cis\u00e9ment sa formation Development pour le d\u00e9veloppement de talents de moins de 23 ans qui seront \u00e9ventuellement promus dans l&rsquo;\u00e9quipe premi\u00e8re.<\/p>\n<p>Le <strong>roster de l&rsquo;INEOS Grenadiers Racing Academy<\/strong> comprend 12 coureurs, \u00e2g\u00e9s de 18 \u00e0 22 ans. Parmi eux, deux Italiens : <strong>Davide Frigo<\/strong>, promotion 2007, fr\u00e8re cadet du professionnel Marco Frigo, et <a href=\"https:\/\/cyclingpro.net\/spaziociclismo\/sintesi-gare\/tour-poitou-charentes-2025-colpo-doppio-di-samuel-leroux-nella-crono-2-nicolas-milesi\/\" target=\"_blank\" rel=\"noopener\"><strong>Nicolas Milesi<\/strong><\/a>, promotion 2004, qui a couru ces deux derni\u00e8res ann\u00e9es avec la Continental d&rsquo;Ark\u00e9a B&amp;B Hotels, une \u00e9quipe qui a aujourd&rsquo;hui ferm\u00e9 ses portes. Les deux bleus font partie d&rsquo;une \u00e9quipe qui comprend \u00e9galement <strong>Hugo Boucher<\/strong>, <strong>Josh Charlton<\/strong>, <strong>Mattie Dodd<\/strong>, <strong>Max Hinds<\/strong>, <strong>Milkias Maekele<\/strong>, <strong>Fletcher<\/strong> <strong>Medway<\/strong>, <strong>Dylan Sage<\/strong><strong>, Max Standen<\/strong>, <strong>Cameron Rogers<\/strong> et <strong>Theodor Storm<\/strong>.<\/p>\n<p>Le directeur des courses, Geraint Thomas, a d\u00e9clar\u00e9 : \u00ab\u00a0Le syst\u00e8me des acad\u00e9mies a jou\u00e9 un r\u00f4le important dans la construction de ma carri\u00e8re. Il m&rsquo;a appris \u00e0 \u00eatre un professionnel, \u00e0 prendre soin de moi, \u00e0 rester en forme, \u00e0 \u00eatre organis\u00e9 et \u00e0 me pr\u00e9parer correctement. Toutes ces habitudes et ces comportements simples m&rsquo;ont accompagn\u00e9 tout au long de ma carri\u00e8re. <Pour moi, la priorit\u00e9 est d'aider les jeunes coureurs \u00e0 apprendre ce que signifie \u00eatre un professionnel<\/strong>. Certains vivent loin de chez eux pour la premi\u00e8re fois, d&rsquo;autres ont d\u00e9m\u00e9nag\u00e9 dans le monde entier, ils doivent donc apprendre beaucoup de choses. Il s&rsquo;agit de savoir comment courir, de comprendre leur corps et de g\u00e9rer leurs \u00e9motions, et pas seulement de faire des chiffres. C&rsquo;est un tout. Nous avons accueilli des coureurs passionnants \u00e0 la Racing Academy et <strong>les voir tous ensemble pour la premi\u00e8re fois m&rsquo;a fait faire un bond de 20 ans en arri\u00e8re<\/strong>. Je me suis imagin\u00e9 l\u00e0 o\u00f9 ils sont maintenant, avec tout le chemin qu&rsquo;il leur reste \u00e0 parcourir. Ils sont jeunes, motiv\u00e9s et c&rsquo;est formidable de les voir int\u00e9gr\u00e9s dans l&rsquo;\u00e9quipe WorldTour.<\/p>\n<h2>Accueil de l&rsquo;INEOS Grenadiers Racing Academy 2026<\/h2>\n<p>Hugo Boucher<br \/>\nJosh Charlton<br \/>\nMattie Dodd<br \/>\nDavide Frigo<br \/>\nMax Hinds<br \/>\nMilkias Maekele<br \/>\nFletcher Medway<br \/>\nNicolas Milesi<br \/>\nDylan Sage<br \/>\nMax Standen<br \/>\nCameron Rogers<br \/>\nTheodor Storm<\/p>\n","protected":false},"excerpt":{"rendered":"<p>L&rsquo;INEOS Grenadiers a lanc\u00e9 sa ligne de d\u00e9veloppement. L&rsquo;\u00e9quipe britannique est l&rsquo;une des derni\u00e8res \u00e9quipes WorldTour \u00e0 ne pas avoir son propre projet pour les moins de 23 ans : par le pass\u00e9, elle s&rsquo;\u00e9tait associ\u00e9e \u00e0 l&rsquo;\u00e9quipe allemande Lotto Kern-Haus PSD Bank et, en 2025, \u00e0 Hot Tubes Development Cycling, une \u00e9quipe junior bas\u00e9e &hellip;<\/p>\n","protected":false},"author":20,"featured_media":163532,"comment_status":"open","ping_status":"open","sticky":false,"template":"","format":"standard","meta":{"footnotes":""},"categories":[3],"tags":[],"class_list":["post-163533","post","type-post","status-publish","format-standard","has-post-thumbnail","hentry","category-autre"],"_links":{"self":[{"href":"https:\/\/cyclingpro.net\/velopro\/wp-json\/wp\/v2\/posts\/163533","targetHints":{"allow":["GET"]}}],"collection":[{"href":"https:\/\/cyclingpro.net\/velopro\/wp-json\/wp\/v2\/posts"}],"about":[{"href":"https:\/\/cyclingpro.net\/velopro\/wp-json\/wp\/v2\/types\/post"}],"author":[{"embeddable":true,"href":"https:\/\/cyclingpro.net\/velopro\/wp-json\/wp\/v2\/users\/20"}],"replies":[{"embeddable":true,"href":"https:\/\/cyclingpro.net\/velopro\/wp-json\/wp\/v2\/comments?post=163533"}],"version-history":[{"count":0,"href":"https:\/\/cyclingpro.net\/velopro\/wp-json\/wp\/v2\/posts\/163533\/revisions"}],"wp:featuredmedia":[{"embeddable":true,"href":"https:\/\/cyclingpro.net\/velopro\/wp-json\/wp\/v2\/media\/163532"}],"wp:attachment":[{"href":"https:\/\/cyclingpro.net\/velopro\/wp-json\/wp\/v2\/media?parent=163533"}],"wp:term":[{"taxonomy":"category","embeddable":true,"href":"https:\/\/cyclingpro.net\/velopro\/wp-json\/wp\/v2\/categories?post=163533"},{"taxonomy":"post_tag","embeddable":true,"href":"https:\/\/cyclingpro.net\/velopro\/wp-json\/wp\/v2\/tags?post=163533"}],"curies":[{"name":"wp","href":"https:\/\/api.w.org\/{rel}","templated":true}]}}