{"id":163531,"date":"2025-12-18T15:50:53","date_gmt":"2025-12-18T14:50:53","guid":{"rendered":"https:\/\/cyclingpro.net\/velopro\/uncategorized\/bahrain-victorious-santiago-buitrago-vise-resolument-le-giro-ditalia-2026-je-veux-bien-faire\/"},"modified":"2025-12-18T15:50:53","modified_gmt":"2025-12-18T14:50:53","slug":"bahrain-victorious-santiago-buitrago-vise-resolument-le-giro-ditalia-2026-je-veux-bien-faire","status":"publish","type":"post","link":"https:\/\/cyclingpro.net\/velopro\/autre\/bahrain-victorious-santiago-buitrago-vise-resolument-le-giro-ditalia-2026-je-veux-bien-faire\/","title":{"rendered":"Bahrain Victorious, Santiago Buitrago vise r\u00e9solument le Giro d&rsquo;Italia 2026 : \u00ab\u00a0Je veux bien faire\u00a0\u00bb."},"content":{"rendered":"<p><strong><a href=\"https:\/\/cyclingpro.net\/spaziociclismo\/worldtour\/bahrain-victorious-la-squadra-ha-scelto-quali-grand-tour-faranno-antonio-tiberi-lenny-martinez-e-santiago-buitrago\/\" target=\"_blank\" rel=\"noopener\">Santiago Buitrago<\/a> <\/strong>vise r\u00e9solument le <strong>Giro d&rsquo;Italia 2026<\/strong>. La classe 99 sort d&rsquo;une saison difficile, au cours de laquelle il a d\u00fb vivre avec plusieurs chutes et des probl\u00e8mes physiques qui ont affect\u00e9 ses chances de donner le meilleur de lui-m\u00eame. Apr\u00e8s un d\u00e9part enthousiasmant, remportant deux \u00e9tapes et le classement g\u00e9n\u00e9ral de la Volta a la Comunitat Valenciana, le coureur de <strong>Bahrain Victorious<\/strong> a souffert lors de <strong>Paris-Nice<\/strong>, o\u00f9 il a \u00e9t\u00e9 contraint \u00e0 l&rsquo;abandon, et ne s&rsquo;est que partiellement rattrap\u00e9 avec une bonne sixi\u00e8me place lors de la <strong>Freccia-Vallone<\/strong>. M\u00eame au <strong>Tour de France 2025<\/strong>, son principal objectif de l&rsquo;ann\u00e9e, <a href=\"https:\/\/cyclingpro.net\/spaziociclismo\/tour-2025\/tour-de-france-2025-il-bollettino-medico-della-bahrain-victorious-dopo-la-caduta-di-ieri-commozione-cerebrale-e-ritiro-per-jack-haig-solo-abrasioni-per-santiago-buitrago\/\">il est victime d&rsquo;une mauvaise chute<\/a>, qui l&rsquo;exclut de la lutte pour le classement g\u00e9n\u00e9ral et le contraint \u00e0 se lancer dans les \u00e9tapes : la troisi\u00e8me place \u00e0 l&rsquo;arriv\u00e9e du Mont Ventoux est son meilleur r\u00e9sultat. Pour 2026, cependant, le programme sera diff\u00e9rent.<\/p>\n<p>Dans <a href=\"https:\/\/cyclinguptodate.com\/cycling\/interview-the-doctor-didnt-want-to-get-me-through-santiago-buitrago-shares-hellish-days-after-tour-de-france-crash?twit=401\" target=\"_blank\" rel=\"noopener\">une interview accord\u00e9e \u00e0 <em>CyclingUpToDate<\/em><\/a><em>, <\/em>le Colombien a confirm\u00e9 sa d\u00e9cision de parier sur le <strong>Giro d&rsquo;Italia 2026<\/strong> l&rsquo;ann\u00e9e prochaine : \u00ab\u00a0<strong>Oui, j&rsquo;ai d\u00e9cid\u00e9 d&rsquo;aller au Giro parce que cela fait deux ans que je vais au Tour de France. La v\u00e9rit\u00e9, c&rsquo;est que chaque ann\u00e9e est plus compliqu\u00e9e. En fin de compte, quand on mise tout sur le Tour, c&rsquo;est le seul objectif de l&rsquo;ann\u00e9e et cela enl\u00e8ve beaucoup \u00e0 ce qui reste dans la saison. Je pr\u00e9f\u00e8re donc aller sur le Tour. Pour ce qui est du reste du programme, <strong>je sais que je vais commencer par le Tour Down Under. Ensuite, je retournerai en Colombie pour les championnats Nationaux. <strong>Je reviendrai en Europe pour faire le Tirreno-Adriatico, la Volta Ciclista a Catalunya&#8230; et de l\u00e0, j&rsquo;irai au Giro<\/strong>.<\/p>\n<div class=\"first:font-bold md:text-lg text-base paragraph-content\">Le choix du <strong>Giro<\/strong> s&rsquo;est fait malgr\u00e9 un parcours peut-\u00eatre peu adapt\u00e9 aux purs grimpeurs : \u00ab\u00a0<strong>Je sais que le Parcours du Tour de France l&rsquo;ann\u00e9e prochaine serait mieux pour moi, mais je veux bien faire le Giro<\/strong>. Il y a un contre-la-montre tr\u00e8s long, de 40 kilom\u00e8tres. Mais non, avec l&rsquo;\u00e9quipe nous changeons beaucoup, <strong>je pense qu&rsquo;il y a encore beaucoup de montagnes<\/strong>. Et je pense que nous pouvons atteindre l&rsquo;objectif que nous nous sommes fix\u00e9 avec l&rsquo;\u00e9quipe sans aucun probl\u00e8me.\u00a0\u00bb<\/div>\n<div>\n<div class=\"relative w-fit\">\n<div class=\"relative w-fit\"><picture><source srcset=\"https:\/\/r.testifier.nl\/Acbs8526SDKI\/resizing_type:fit\/watermark:Picture%3A%20Sirotti\/width:1280\/plain\/https:\/\/s3-newsifier.ams3.digitaloceanspaces.com\/cyclinguptodatecom\/images\/2025-04\/santiagobuitrago-67f6e2a8912d7.jpg@webp\" media=\"(min-width : 768px)\" \/><\/picture><\/div>\n<\/div>\n<\/div>\n","protected":false},"excerpt":{"rendered":"<p>Santiago Buitrago vise r\u00e9solument le Giro d&rsquo;Italia 2026. La classe 99 sort d&rsquo;une saison difficile, au cours de laquelle il a d\u00fb vivre avec plusieurs chutes et des probl\u00e8mes physiques qui ont affect\u00e9 ses chances de donner le meilleur de lui-m\u00eame. Apr\u00e8s un d\u00e9part enthousiasmant, remportant deux \u00e9tapes et le classement g\u00e9n\u00e9ral de la Volta &hellip;<\/p>\n","protected":false},"author":20,"featured_media":163530,"comment_status":"open","ping_status":"open","sticky":false,"template":"","format":"standard","meta":{"footnotes":""},"categories":[3],"tags":[],"class_list":["post-163531","post","type-post","status-publish","format-standard","has-post-thumbnail","hentry","category-autre"],"_links":{"self":[{"href":"https:\/\/cyclingpro.net\/velopro\/wp-json\/wp\/v2\/posts\/163531","targetHints":{"allow":["GET"]}}],"collection":[{"href":"https:\/\/cyclingpro.net\/velopro\/wp-json\/wp\/v2\/posts"}],"about":[{"href":"https:\/\/cyclingpro.net\/velopro\/wp-json\/wp\/v2\/types\/post"}],"author":[{"embeddable":true,"href":"https:\/\/cyclingpro.net\/velopro\/wp-json\/wp\/v2\/users\/20"}],"replies":[{"embeddable":true,"href":"https:\/\/cyclingpro.net\/velopro\/wp-json\/wp\/v2\/comments?post=163531"}],"version-history":[{"count":0,"href":"https:\/\/cyclingpro.net\/velopro\/wp-json\/wp\/v2\/posts\/163531\/revisions"}],"wp:featuredmedia":[{"embeddable":true,"href":"https:\/\/cyclingpro.net\/velopro\/wp-json\/wp\/v2\/media\/163530"}],"wp:attachment":[{"href":"https:\/\/cyclingpro.net\/velopro\/wp-json\/wp\/v2\/media?parent=163531"}],"wp:term":[{"taxonomy":"category","embeddable":true,"href":"https:\/\/cyclingpro.net\/velopro\/wp-json\/wp\/v2\/categories?post=163531"},{"taxonomy":"post_tag","embeddable":true,"href":"https:\/\/cyclingpro.net\/velopro\/wp-json\/wp\/v2\/tags?post=163531"}],"curies":[{"name":"wp","href":"https:\/\/api.w.org\/{rel}","templated":true}]}}