{"id":163525,"date":"2025-12-18T14:42:58","date_gmt":"2025-12-18T13:42:58","guid":{"rendered":"https:\/\/cyclingpro.net\/velopro\/uncategorized\/moreno-moser-jai-cru-que-je-pouvais-devenir-un-champion-puis-jai-tout-faux\/"},"modified":"2025-12-18T14:42:58","modified_gmt":"2025-12-18T13:42:58","slug":"moreno-moser-jai-cru-que-je-pouvais-devenir-un-champion-puis-jai-tout-faux","status":"publish","type":"post","link":"https:\/\/cyclingpro.net\/velopro\/autre\/moreno-moser-jai-cru-que-je-pouvais-devenir-un-champion-puis-jai-tout-faux\/","title":{"rendered":"Moreno Moser : \u00ab\u00a0J&rsquo;ai cru que je pouvais devenir un champion. Puis j&rsquo;ai tout faux"},"content":{"rendered":"<p><strong><a href=\"https:\/\/cyclingpro.net\/spaziociclismo\/ciclomercato\/nippo-fantini-faizane-moreno-moser-annuncia-il-ritiro-preferisco-smettere-senza-trascinarmi-inutilmente\/\" target=\"_blank\" rel=\"noopener\">Moreno Moser<\/a> <\/strong>a compl\u00e8tement chang\u00e9 de vie apr\u00e8s sa carri\u00e8re professionnelle. Pourtant, il lui arrive de penser \u00e0 ce qui aurait pu \u00eatre. Dipl\u00f4m\u00e9 de l&rsquo;IED de Milan, o\u00f9 il a suivi une formation de trois ans en design de communication, ce petit-fils de l&rsquo;art travaille aujourd&rsquo;hui pour des entreprises dans le domaine de la cr\u00e9ation de contenu et collabore occasionnellement avec Eurosport en tant que commentateur lors des commentaires. Parce que le feu du cyclisme ne s&rsquo;est pas encore \u00e9teint, au contraire, il continue de br\u00fbler. Et de temps en temps, la pens\u00e9e de ce qui aurait pu \u00eatre et n&rsquo;a pas \u00e9t\u00e9 revient, avec quelques petits regrets.<\/p>\n<p>La <strong>carri\u00e8re<\/strong> de Moreno Moser a pris son envol en 2012, sa premi\u00e8re ann\u00e9e en tant que professionnel : portant le maillot de Liquigas-Cannondale, il a triomph\u00e9 au Trofeo Laigueglia et a domin\u00e9 le Tour de Pologne, remportant deux \u00e9tapes et le classement g\u00e9n\u00e9ral. L&rsquo;ann\u00e9e suivante, il scelle la Strade Bianche devant Peter Sagan, Fabian Cancellara \u00e9tant quatri\u00e8me. Cela semblait \u00eatre le pr\u00e9lude \u00e0 une carri\u00e8re pleine de succ\u00e8s, mais depuis, la classe 90 n&rsquo;a pratiquement pas gagn\u00e9, \u00e0 l&rsquo;exception d&rsquo;une \u00e9tape au Tour d&rsquo;Autriche 2015 et de la Laigueglia en 2018. En 2019, sa derni\u00e8re et br\u00e8ve exp\u00e9rience dans le peloton professionnel, sous le maillot de Nippo Vini Fantini Faizan\u00e8, s&rsquo;est achev\u00e9e pr\u00e9matur\u00e9ment en mai.<\/p>\n<p>Dans <a href=\"https:\/\/www.gazzetta.it\/Ciclismo\/16-12-2025\/moreno-moser-intervista.shtml?refresh_ce\" target=\"_blank\" rel=\"noopener\">une interview accord\u00e9e \u00e0 la <em>Gazzetta dello Sport<\/em><\/a>, l&rsquo;ancien coureur a rev\u00e9cu quelques moments de sa carri\u00e8re, sans toutefois trouver dans son patronyme une quelconque raison \u00e0 la fin pr\u00e9matur\u00e9e de sa carri\u00e8re : \u00ab\u00a0<strong>Je croyais que je pouvais devenir un champion<\/strong>. En tant que n\u00e9opro, en 2012, j&rsquo;ai gagn\u00e9 des courses importantes en battant des gens tr\u00e8s forts. Et au d\u00e9but de l&rsquo;ann\u00e9e suivante, la Strade Bianche&#8230;.. Tout m&rsquo;est venu facilement, j&rsquo;ai r\u00eav\u00e9 que je pouvais tout gagner. <strong>Je me sentais inarr\u00eatable, presque omnipotent<\/strong>. Si j&rsquo;avais eu un autre nom de famille ? Rien n&rsquo;aurait chang\u00e9. Tout le monde me le demande toujours, mais je ne l&rsquo;ai jamais ressenti. <strong>Les attentes, qui d&rsquo;une certaine mani\u00e8re m&rsquo;ont aussi \u00e9cras\u00e9, \u00e9taient surtout aliment\u00e9es par mes r\u00e9sultats<\/strong>. Je veux dire, m\u00eame si je m&rsquo;\u00e9tais appel\u00e9 Mario Rossi&#8230;\u00a0\u00bb.<\/p>\n<p><a href=\"https:\/\/cyclingpro.net\/spaziociclismo\/continental\/nippo-fantini-faizane-ancora-problemi-per-moreno-moser-non-appena-la-gara-entra-nel-vivo-inizio-a-sentirmi-vuoto-e-senza-forza\/\" target=\"_blank\" rel=\"noopener\"><b>Moreno Moser<\/b><\/a> a ensuite \u00e9num\u00e9r\u00e9 quelques-unes des raisons pour lesquelles il n&rsquo;a pas r\u00e9ussi \u00e0 tirer le meilleur parti de sa carri\u00e8re : \u00ab\u00a0Tant de gens m&rsquo;ont accus\u00e9 : il ne veut pas s&rsquo;entra\u00eener, il travaille peu. Ou pire : s&rsquo;il \u00e9tait si fort et qu&rsquo;il ne l&rsquo;est plus, c&rsquo;est \u00e0 cause du dopage. Amen : Je m&rsquo;en soucie tr\u00e8s peu. Je laisse les gens parler, que ceux qui veulent penser ainsi le fassent, il est difficile de les faire changer d&rsquo;avis. J&rsquo;ai la conscience plus que tranquille. <Qu'est-ce qui s'est pass\u00e9 ? Que j'ai tout fait de travers<\/strong>. En voyant aujourd&rsquo;hui comment les coureurs s&rsquo;entra\u00eenent, comment ils se nourrissent, avec une approche beaucoup plus scientifique&#8230;. <strong>Je changerais tout<\/strong>. Dans le milieu, il y avait des croyances tenaces : moins on mange, mieux c&rsquo;est, plus on arrive \u00a0\u00bb fini \u00a0\u00bb \u00e0 la fin de l&rsquo;entra\u00eenement, presque en crise de faim, mieux c&rsquo;est&#8230;. <strong>Tout cela m&rsquo;a port\u00e9 pr\u00e9judice. Cela m&rsquo;a d\u00e9connect\u00e9<\/strong>. J&rsquo;ai \u00e9t\u00e9 malade \u00e0 de nombreuses reprises au cours des derni\u00e8res ann\u00e9es en tant qu&rsquo;athl\u00e8te. Mononucl\u00e9ose, cytom\u00e9galovirus, toxoplasmose. <J'\u00e9tais vide, et je suis presque s\u00fbr que c'\u00e9tait \u00e0 cause de ce que j'ai dit avant.\n<\/p>\n","protected":false},"excerpt":{"rendered":"<p>Moreno Moser a compl\u00e8tement chang\u00e9 de vie apr\u00e8s sa carri\u00e8re professionnelle. Pourtant, il lui arrive de penser \u00e0 ce qui aurait pu \u00eatre. Dipl\u00f4m\u00e9 de l&rsquo;IED de Milan, o\u00f9 il a suivi une formation de trois ans en design de communication, ce petit-fils de l&rsquo;art travaille aujourd&rsquo;hui pour des entreprises dans le domaine de la &hellip;<\/p>\n","protected":false},"author":20,"featured_media":163524,"comment_status":"open","ping_status":"open","sticky":false,"template":"","format":"standard","meta":{"footnotes":""},"categories":[3],"tags":[],"class_list":["post-163525","post","type-post","status-publish","format-standard","has-post-thumbnail","hentry","category-autre"],"_links":{"self":[{"href":"https:\/\/cyclingpro.net\/velopro\/wp-json\/wp\/v2\/posts\/163525","targetHints":{"allow":["GET"]}}],"collection":[{"href":"https:\/\/cyclingpro.net\/velopro\/wp-json\/wp\/v2\/posts"}],"about":[{"href":"https:\/\/cyclingpro.net\/velopro\/wp-json\/wp\/v2\/types\/post"}],"author":[{"embeddable":true,"href":"https:\/\/cyclingpro.net\/velopro\/wp-json\/wp\/v2\/users\/20"}],"replies":[{"embeddable":true,"href":"https:\/\/cyclingpro.net\/velopro\/wp-json\/wp\/v2\/comments?post=163525"}],"version-history":[{"count":0,"href":"https:\/\/cyclingpro.net\/velopro\/wp-json\/wp\/v2\/posts\/163525\/revisions"}],"wp:featuredmedia":[{"embeddable":true,"href":"https:\/\/cyclingpro.net\/velopro\/wp-json\/wp\/v2\/media\/163524"}],"wp:attachment":[{"href":"https:\/\/cyclingpro.net\/velopro\/wp-json\/wp\/v2\/media?parent=163525"}],"wp:term":[{"taxonomy":"category","embeddable":true,"href":"https:\/\/cyclingpro.net\/velopro\/wp-json\/wp\/v2\/categories?post=163525"},{"taxonomy":"post_tag","embeddable":true,"href":"https:\/\/cyclingpro.net\/velopro\/wp-json\/wp\/v2\/tags?post=163525"}],"curies":[{"name":"wp","href":"https:\/\/api.w.org\/{rel}","templated":true}]}}