{"id":163523,"date":"2025-12-18T14:20:18","date_gmt":"2025-12-18T13:20:18","guid":{"rendered":"https:\/\/cyclingpro.net\/velopro\/uncategorized\/sur-la-piste-le-velodrome-de-montichiari-peut-rouvrir-ses-portes-a-lactivite-de-base-enfin-de-retour-a-une-pleine-utilisation\/"},"modified":"2025-12-18T14:20:18","modified_gmt":"2025-12-18T13:20:18","slug":"sur-la-piste-le-velodrome-de-montichiari-peut-rouvrir-ses-portes-a-lactivite-de-base-enfin-de-retour-a-une-pleine-utilisation","status":"publish","type":"post","link":"https:\/\/cyclingpro.net\/velopro\/autre\/sur-la-piste-le-velodrome-de-montichiari-peut-rouvrir-ses-portes-a-lactivite-de-base-enfin-de-retour-a-une-pleine-utilisation\/","title":{"rendered":"Sur la piste, le v\u00e9lodrome de Montichiari peut rouvrir ses portes \u00e0 l&rsquo;activit\u00e9 de base : \u00ab\u00a0Enfin de retour \u00e0 une pleine utilisation\u00a0\u00bb."},"content":{"rendered":"<p>Le <strong><a href=\"https:\/\/cyclingpro.net\/spaziociclismo\/altro\/pista\/europei-pista-grenchen-2023-marco-villa-se-solo-potessimo-utilizzare-montichiari\/\" target=\"_blank\" rel=\"noopener\">Velodromo di Montichiari<\/a> <\/strong>peut enfin rouvrir \u00e0 l&rsquo;activit\u00e9 populaire. C&rsquo;est ce qu&rsquo;a annonc\u00e9 <strong>Marco Togni<\/strong>, maire de Montichiari, dans un post sur son profil Facebook, o\u00f9 il reconstruit l&rsquo;histoire des diff\u00e9rentes fermetures de l&rsquo;installation et confirme la r\u00e9ouverture \u00e0 la suite de la r\u00e9union de la Commission provinciale de vigilance et de divertissement, qui a jug\u00e9 que l&rsquo;installation \u00e9tait pr\u00eate. La nouvelle a \u00e9galement \u00e9t\u00e9 confirm\u00e9e par la F\u00e9d\u00e9ration italienne de cyclisme sur son site Internet. Avec cet acte, le long processus de r\u00e9novation de l&rsquo;installation, qui a dur\u00e9 plusieurs ann\u00e9es, prend fin et l&rsquo;attention se porte d\u00e9sormais sur la construction du Centre de Pr\u00e9paration Olympique de la FCI dans la structure adjacente, avec tous les services li\u00e9s aux activit\u00e9s de haut niveau (chambres d&rsquo;h\u00f4tes, entrep\u00f4t, salles d&rsquo;entra\u00eenement), qui est en cours de r\u00e9alisation et sera disponible d\u00e8s cet \u00e9t\u00e9.<\/p>\n<p>Le pr\u00e9sident de la F\u00e9d\u00e9ration Italienne de Cyclisme <strong><a href=\"https:\/\/cyclingpro.net\/spaziociclismo\/continental\/esclusiva-cordiano-dagnoni-sport-come-il-calcio-sono-ricchi-anche-grazie-ai-biglietti-anche-un-solo-euro-a-tifoso-aiuterebbe\/\" target=\"_blank\" rel=\"noopener\">Cordiano Dagnoni<\/a> <\/strong> a comment\u00e9 : \u00ab\u00a0<strong>Enfin, le cyclisme italien retrouve la pleine utilisation de ce qui sera sa maison <\/strong>et qui, ces derni\u00e8res ann\u00e9es, bien qu&rsquo;avec une utilisation r\u00e9duite, nous a permis de pr\u00e9parer nos \u00e9quipes nationales pour les rendez-vous internationaux. Je voudrais remercier tous ceux qui ont travaill\u00e9 pour ce r\u00e9sultat, auquel, en tant que F\u00e9d\u00e9ration, nous avons travaill\u00e9 avec engagement et sans jamais perdre de vue l&rsquo;objectif ultime : rendre au pays une installation int\u00e9rieure fonctionnelle qui peut \u00e9galement \u00eatre utilis\u00e9e pour les activit\u00e9s de base\u00a0\u00bb.<\/p>\n<p>Dans son post, en plus de reconstruire l&rsquo;\u00e9v\u00e9nement des fermetures et r\u00e9ouvertures, <strong>Marco Togni<\/strong> a \u00e9crit : \u00ab\u00a0J&rsquo;informe tout le monde qu&rsquo;aujourd&rsquo;hui a eu lieu la derni\u00e8re visite et r\u00e9union de la commission provinciale de surveillance et de divertissement et que le v\u00e9lodrome a \u00e9t\u00e9 rouvert ! Le proc\u00e8s-verbal dit textuellement : \u00ab\u00a0La Commission exprime un avis favorable \u00e0 la lib\u00e9ration de l&rsquo;agilit\u00e9 de la Commune de Montichiari pour l&rsquo;utilisation de la structure nomm\u00e9e\u00a0\u00bb. Le v\u00e9lodrome est donc apte \u00e0 \u00eatre utilis\u00e9. Tout le monde peut donc y entrer. Il est donc ouvert. Au d\u00e9but de la nouvelle ann\u00e9e, il sera confi\u00e9 \u00e0 la F\u00e9d\u00e9ration et deviendra ainsi utilisable par les cyclistes. Avant aujourd&rsquo;hui, il n&rsquo;\u00e9tait pas possible de confier un b\u00e2timent inapte\u00a0\u00bb. Un pas important pour le mouvement cycliste italien, sur la piste et au-del\u00e0.<\/p>\n<p><iframe loading=\"lazy\" style=\"border : none ; overflow : hidden ;\" src=\"https:\/\/www.facebook.com\/plugins\/post.php?href=https%3A%2F%2Fwww.facebook.com%2FMarcoTogniSindaco%2Fposts%2Fpfbid02KmrSqGpvtSmrXEFkXEdeTDzRxj43MQV1JrDWtFNKSgk8A7396upd5iK4poQ1m7eml&amp;show_text=true&amp;width=500\" width=\"500\" height=\"761\" frameborder=\"0\" scrolling=\"no\" allowfullscreen=\"allowfullscreen\"><\/iframe><\/p>\n","protected":false},"excerpt":{"rendered":"<p>Le Velodromo di Montichiari peut enfin rouvrir \u00e0 l&rsquo;activit\u00e9 populaire. C&rsquo;est ce qu&rsquo;a annonc\u00e9 Marco Togni, maire de Montichiari, dans un post sur son profil Facebook, o\u00f9 il reconstruit l&rsquo;histoire des diff\u00e9rentes fermetures de l&rsquo;installation et confirme la r\u00e9ouverture \u00e0 la suite de la r\u00e9union de la Commission provinciale de vigilance et de divertissement, qui &hellip;<\/p>\n","protected":false},"author":20,"featured_media":163522,"comment_status":"open","ping_status":"open","sticky":false,"template":"","format":"standard","meta":{"footnotes":""},"categories":[3],"tags":[],"class_list":["post-163523","post","type-post","status-publish","format-standard","has-post-thumbnail","hentry","category-autre"],"_links":{"self":[{"href":"https:\/\/cyclingpro.net\/velopro\/wp-json\/wp\/v2\/posts\/163523","targetHints":{"allow":["GET"]}}],"collection":[{"href":"https:\/\/cyclingpro.net\/velopro\/wp-json\/wp\/v2\/posts"}],"about":[{"href":"https:\/\/cyclingpro.net\/velopro\/wp-json\/wp\/v2\/types\/post"}],"author":[{"embeddable":true,"href":"https:\/\/cyclingpro.net\/velopro\/wp-json\/wp\/v2\/users\/20"}],"replies":[{"embeddable":true,"href":"https:\/\/cyclingpro.net\/velopro\/wp-json\/wp\/v2\/comments?post=163523"}],"version-history":[{"count":0,"href":"https:\/\/cyclingpro.net\/velopro\/wp-json\/wp\/v2\/posts\/163523\/revisions"}],"wp:featuredmedia":[{"embeddable":true,"href":"https:\/\/cyclingpro.net\/velopro\/wp-json\/wp\/v2\/media\/163522"}],"wp:attachment":[{"href":"https:\/\/cyclingpro.net\/velopro\/wp-json\/wp\/v2\/media?parent=163523"}],"wp:term":[{"taxonomy":"category","embeddable":true,"href":"https:\/\/cyclingpro.net\/velopro\/wp-json\/wp\/v2\/categories?post=163523"},{"taxonomy":"post_tag","embeddable":true,"href":"https:\/\/cyclingpro.net\/velopro\/wp-json\/wp\/v2\/tags?post=163523"}],"curies":[{"name":"wp","href":"https:\/\/api.w.org\/{rel}","templated":true}]}}