{"id":163521,"date":"2025-12-18T13:09:25","date_gmt":"2025-12-18T12:09:25","guid":{"rendered":"https:\/\/cyclingpro.net\/velopro\/uncategorized\/solme-olmo-trois-renforts-de-poids-annonces-pour-renforcer-lequipe\/"},"modified":"2025-12-18T13:09:25","modified_gmt":"2025-12-18T12:09:25","slug":"solme-olmo-trois-renforts-de-poids-annonces-pour-renforcer-lequipe","status":"publish","type":"post","link":"https:\/\/cyclingpro.net\/velopro\/autre\/solme-olmo-trois-renforts-de-poids-annonces-pour-renforcer-lequipe\/","title":{"rendered":"Solme Olmo, trois renforts de poids annonc\u00e9s pour renforcer l&rsquo;\u00e9quipe"},"content":{"rendered":"<p>Le <strong>Solme Olmo<\/strong> annonce trois renforts importants dans son effectif 2026. La formation continentale bas\u00e9e \u00e0 Tr\u00e9vise, qui fait le saut dans la cat\u00e9gorie cette ann\u00e9e, \u00e9largissant ainsi ses horizons et ses ambitions, a choisi trois coureurs de la promotion 2005 qui veulent confirmer leur croissance et leur Parcours dans le monde du cyclisme. Il s&rsquo;agit de <strong>Matteo Fiorin<\/strong>, <strong>Etienne Grimod<\/strong> et <strong>Pietro Sterbini<\/strong>, tous des coureurs avec une bonne exp\u00e9rience, y compris internationale, et de bons r\u00e9sultats qui les voient devenir des points de r\u00e9f\u00e9rence pour l&rsquo;\u00e9quipe bas\u00e9e en V\u00e9n\u00e9tie, <a href=\"https:\/\/cyclingpro.net\/spaziociclismo\/continental\/solme-olmo-annunciato-linnesto-dei-giovani-francesco-cornacchini-lorenzo-guglielmi-e-massimo-savoldini\/\">qui, au cours des derni\u00e8res semaines, avait d\u00e9j\u00e0 annonc\u00e9 la plupart de son personnel et les premi\u00e8res nouvelles recrues<\/a>.<br \/>\n<\/strong><\/p>\n<p>Pistard et sprinter pur-sang, Fiorin a d\u00e9montr\u00e9 ses qualit\u00e9s dans sa carri\u00e8re surtout sur les v\u00e9lodromes, remportant deux titres mondiaux en poursuite par \u00e9quipe junior et trois titres europ\u00e9ens junior en \u00e9limination, madison et poursuite par \u00e9quipe, En plus d&rsquo;une longue s\u00e9rie de maillots tricolores obtenus sur la piste, mais en 2025, avec le maillot du <strong>MBH <\/strong><strong>Colpack Ballan <\/strong>CSB<\/strong>, sur la route il a \u00e9galement remport\u00e9 deux importantes courses U23 telles que la Coppa Caduti Nervianesi et la Vicenza-Bionde.<\/p>\n<p>La piste est \u00e9galement l&rsquo;environnement dans lequel Grimod s&rsquo;est le mieux exprim\u00e9 jusqu&rsquo;\u00e0 pr\u00e9sent, \u00e0 tel point qu&rsquo;en 2025, il a termin\u00e9 cinqui\u00e8me dans la poursuite individuelle valable pour les Championnats du Monde Elite sur piste qui se sont d\u00e9roul\u00e9s \u00e0 Apeldoorn, apr\u00e8s avoir \u00e9t\u00e9 en t\u00eate chez les juniors. Au cours de l&rsquo;ann\u00e9e qui s&rsquo;ach\u00e8ve, il s&rsquo;est \u00e9galement illustr\u00e9 sur la route, en remportant la Targa Crocifisso \u00e0 Polignano a Mare avec le maillot <strong>Biesse Carrera<\/strong>.<\/p>\n<p>Un coureur sur route plus traditionnel, Sterbini, qui a grandi avec l&rsquo;\u00e9quipe Coratti au niveau des juniors, remportant quatre victoires, et qui est ensuite pass\u00e9 \u00e0 l&rsquo;\u00e9quipe Technipes chez les U23, a connu deux saisons importantes, disputant \u00e9galement quelques courses professionnelles. Il n&rsquo;a pas remport\u00e9 de victoires, mais il s&rsquo;est souvent distingu\u00e9 au niveau international dans les courses les plus exigeantes.<\/p>\n<p>\u00ab\u00a0Ces trois jeunes hommes nous permettent de franchir une nouvelle \u00e9tape : ce sont trois jeunes athl\u00e8tes de grand talent\u00a0\u00bb, explique le pr\u00e9sident <strong>Gian Pietro Forcolin <\/strong>&#8211; Fiorin et Grimod alternent avec succ\u00e8s depuis des ann\u00e9es les activit\u00e9s sur route et sur piste, montrant d&rsquo;excellentes qualit\u00e9s dans les deux sp\u00e9cialit\u00e9s. Sterbini est un talent qui doit encore apprendre \u00e0 conna\u00eetre ses limites, et nous attendons beaucoup de lui dans les courses les plus prestigieuses et les plus exigeantes\u00a0\u00bb.<\/p>\n","protected":false},"excerpt":{"rendered":"<p>Le Solme Olmo annonce trois renforts importants dans son effectif 2026. La formation continentale bas\u00e9e \u00e0 Tr\u00e9vise, qui fait le saut dans la cat\u00e9gorie cette ann\u00e9e, \u00e9largissant ainsi ses horizons et ses ambitions, a choisi trois coureurs de la promotion 2005 qui veulent confirmer leur croissance et leur Parcours dans le monde du cyclisme. Il &hellip;<\/p>\n","protected":false},"author":20,"featured_media":163520,"comment_status":"open","ping_status":"open","sticky":false,"template":"","format":"standard","meta":{"footnotes":""},"categories":[3],"tags":[],"class_list":["post-163521","post","type-post","status-publish","format-standard","has-post-thumbnail","hentry","category-autre"],"_links":{"self":[{"href":"https:\/\/cyclingpro.net\/velopro\/wp-json\/wp\/v2\/posts\/163521","targetHints":{"allow":["GET"]}}],"collection":[{"href":"https:\/\/cyclingpro.net\/velopro\/wp-json\/wp\/v2\/posts"}],"about":[{"href":"https:\/\/cyclingpro.net\/velopro\/wp-json\/wp\/v2\/types\/post"}],"author":[{"embeddable":true,"href":"https:\/\/cyclingpro.net\/velopro\/wp-json\/wp\/v2\/users\/20"}],"replies":[{"embeddable":true,"href":"https:\/\/cyclingpro.net\/velopro\/wp-json\/wp\/v2\/comments?post=163521"}],"version-history":[{"count":0,"href":"https:\/\/cyclingpro.net\/velopro\/wp-json\/wp\/v2\/posts\/163521\/revisions"}],"wp:featuredmedia":[{"embeddable":true,"href":"https:\/\/cyclingpro.net\/velopro\/wp-json\/wp\/v2\/media\/163520"}],"wp:attachment":[{"href":"https:\/\/cyclingpro.net\/velopro\/wp-json\/wp\/v2\/media?parent=163521"}],"wp:term":[{"taxonomy":"category","embeddable":true,"href":"https:\/\/cyclingpro.net\/velopro\/wp-json\/wp\/v2\/categories?post=163521"},{"taxonomy":"post_tag","embeddable":true,"href":"https:\/\/cyclingpro.net\/velopro\/wp-json\/wp\/v2\/tags?post=163521"}],"curies":[{"name":"wp","href":"https:\/\/api.w.org\/{rel}","templated":true}]}}