{"id":163503,"date":"2025-12-17T18:40:30","date_gmt":"2025-12-17T17:40:30","guid":{"rendered":"https:\/\/cyclingpro.net\/velopro\/uncategorized\/unibet-rose-rockets-lequipe-2026-se-complete-avec-larrivee-de-martijn-rasenberg\/"},"modified":"2025-12-17T18:40:30","modified_gmt":"2025-12-17T17:40:30","slug":"unibet-rose-rockets-lequipe-2026-se-complete-avec-larrivee-de-martijn-rasenberg","status":"publish","type":"post","link":"https:\/\/cyclingpro.net\/velopro\/autre\/unibet-rose-rockets-lequipe-2026-se-complete-avec-larrivee-de-martijn-rasenberg\/","title":{"rendered":"Unibet Rose Rockets, l&rsquo;\u00e9quipe 2026 se compl\u00e8te avec l&rsquo;arriv\u00e9e de Martijn Rasenberg"},"content":{"rendered":"<p>Les <strong>Unibet Rose Rockets<\/strong> compl\u00e8tent leur effectif pour la saison prochaine en officialisant un 30e et dernier athl\u00e8te. Rejoignant l&rsquo;\u00e9quipe Professional sous licence fran\u00e7aise, <strong>Martijn Rasenberg<\/strong>, 24 ans, a port\u00e9 le maillot du Parkhotel Valkenburg ces deux derni\u00e8res ann\u00e9es et a \u00e9galement \u00e9t\u00e9 stagiaire chez Q36.5 Pro Cycling ces derni\u00e8res ann\u00e9es. Coureur rapide mais aussi tr\u00e8s r\u00e9sistant, le N\u00e9erlandais a obtenu quelques places cette ann\u00e9e et a remport\u00e9 le classement final de la Fl\u00e8che du Sud, une course luxembourgeoise de la cat\u00e9gorie UCI 2.2, des r\u00e9sultats qui ont convaincu l&rsquo;\u00e9quipe de lui offrir une chance parmi les pros.<\/p>\n<p>Le <strong>CicloMercato<\/strong> des Unibet Rose Rockets, \u00e9quipe visant \u00e0 participer au Tour de France, se cl\u00f4ture donc avec 15 nouveaux venus. Il s&rsquo;agit certes de Dylan Groenewegen et Victor Lafay, mais aussi des exp\u00e9riment\u00e9s Wout Poels, Cl\u00e9ment Venturini et Rory Townsend, vainqueur de la derni\u00e8re classique de Hambourg.<\/p>\n<table style=\"height : 300px ; width : 100% ;\" border=\"0\">\n<tbody>\n<tr style=\"height : 36px ;\">\n<td style=\"width : 100% ; background-colour : #0000 ; text-align : centre ; vertical-align : middle ; height : 36px ;\" colspan=\"2\"><strong><span style=\"colour : #ffe400 ; font-size : x-large ;\">Unibet Rose Rockets<\/span><\/strong><\/td>\n<\/tr>\n<tr style=\"height : 24px ;\">\n<td style=\"width : 100% ; background-colour : #ffe400 ; text-align : centre ; vertical-align : middle ; height : 24px ;\" colspan=\"2\"><strong><span style=\"colour : #0000 ; font-size : small ;\">Officiel<\/span><\/strong><\/td>\n<\/tr>\n<tr style=\"height : 20px ;\">\n<td style=\"background-colour : #ffe400 ; text-align : centre ; height : 20px ; width : 50% ;\"><strong><span style=\"colour : #009900 ;\">Entr\u00e9e \u25c4<\/span><\/strong><\/td>\n<td style=\"background-colour : #ffe400 ; text-align : centre ; height : 20px ; width : 50% ;\"><strong><span style=\"colour : #ff0000 ;\">\u25baExits<\/span><\/strong><\/td>\n<\/tr>\n<tr style=\"background-colour : #ffe400 ; height : 24px ;\">\n<td style=\"height : 24px ; width : 50% ;\">Ronan Aug\u00e9 (NeoPro)<br \/>\nKarsten Larsen Feldmann (NeoPro)<br \/>\nEivind Fougner (NeoPro)<br \/>\nDylan Groenewegen (Jayco)<br \/>\nMaty\u00e1\u0161 Kopeck\u00fd (Novo Nordisk)<br \/>\nVictor Lafay (Decathlon)<br \/>\nNiklas Larsen (Bornholm)<br \/>\nTobias M\u00fcller (NeoPro)<br \/>\nJannis Peter (Vorarlberg)<br \/>\nWout Poels (XDS Astana)<br \/>\nMartijn Rasenberg (NeoPro)<br \/>\nElmar Reinders (Jayco)<br \/>\nColin Savioz (NeoPro)<br \/>\nRory Townsend (Q36.5)<br \/>\nCl\u00e9ment Venturini (Ark\u00e9a)<\/td>\n<p>.<\/p>\n<td style=\"height : 24px ; width : 50% ;\">Davide Bomboi ( ?)<br \/>\nMartijn Budding (Retraite)<br \/>\nGiovanni Carboni ( ?)<br \/>\nAxel Huens (Groupama)<br \/>\nBaptiste Huyet (BIKE AID)<br \/>\nKevin Inkelaar ( ?)<br \/>\nZeb Kyffin (Terengganu)<br \/>\nSebastian Nielsen (ColoQuick)<br \/>\nCharles Paige (Bourg-en-Bresse Ain)<br \/>\nAndreas Stokbro ( ?)<\/td>\n<\/tr>\n<tr style=\"height : 24px ;\">\n<td style=\"background-colour : #ffffcc ; text-align : centre ; height : 24px ; width : 100% ;\" colspan=\"2\"><span style=\"font-size : 10pt ;\"><strong><span style=\"colour : #0000 ;\">Rosa 2026<\/span><\/strong><\/span><\/span><\/td>\n<\/tr>\n<tr style=\"height : 24px ;\">\n<td style=\"background-colour : #ffffcc ; text-align : justify ; height : 24px ; width : 100% ;\"colspan=\"2\"><strong>Ronan Aug\u00e9<\/strong> (27), <em>Joren Bloem<\/em> (26), Cedrik Bakke Christophersen (27), Hartthijs De Vries (27), <em>Odd Christian Eiking<\/em> (26), <strong>Karsten Larsen Feldmann<\/strong> (27), <strong>Eivind Fougner<\/strong> (27), <em>Owen Geleijn<\/em> (26), <strong>Dylan Groenewegen<\/strong> (27), Jelle Johannink (27), <strong>Maty\u00e1\u0161 Kopeck\u00fd<\/strong> (27), Tomas Kopeck\u00fd (27), <em>Luk\u00e1\u0161 Kubi\u0161<\/em> (27), <strong>Victor Lafay<\/strong> (26), <strong>Niklas Larsen<\/strong> (26), Lander Loockx (27), Adrien Maire (27), Sergio Meris (26), Wessel Mouris (27), <strong>Tobias M\u00fcller<\/strong> (27), <strong>Jannis Peter<\/strong> (27), <strong>Wout Poels<\/strong> (26), <strong>Martijn Rasenberg<\/strong> (27), <strong>Elmar Reinders<\/strong> (27), <strong>Colin Savioz<\/strong> (27), Abram Stockman (27), Adam Toupalik (27), <strong>Rory Townsend<\/strong> (27), <strong>Cl\u00e9ment Venturini<\/strong> (26), Killian Verschuren (26)<\/td>\n<p>.<br \/>\n<\/tr>\n<\/tbody>\n<\/table>\n","protected":false},"excerpt":{"rendered":"<p>Les Unibet Rose Rockets compl\u00e8tent leur effectif pour la saison prochaine en officialisant un 30e et dernier athl\u00e8te. Rejoignant l&rsquo;\u00e9quipe Professional sous licence fran\u00e7aise, Martijn Rasenberg, 24 ans, a port\u00e9 le maillot du Parkhotel Valkenburg ces deux derni\u00e8res ann\u00e9es et a \u00e9galement \u00e9t\u00e9 stagiaire chez Q36.5 Pro Cycling ces derni\u00e8res ann\u00e9es. Coureur rapide mais aussi &hellip;<\/p>\n","protected":false},"author":20,"featured_media":163502,"comment_status":"open","ping_status":"open","sticky":false,"template":"","format":"standard","meta":{"footnotes":""},"categories":[3],"tags":[],"class_list":["post-163503","post","type-post","status-publish","format-standard","has-post-thumbnail","hentry","category-autre"],"_links":{"self":[{"href":"https:\/\/cyclingpro.net\/velopro\/wp-json\/wp\/v2\/posts\/163503","targetHints":{"allow":["GET"]}}],"collection":[{"href":"https:\/\/cyclingpro.net\/velopro\/wp-json\/wp\/v2\/posts"}],"about":[{"href":"https:\/\/cyclingpro.net\/velopro\/wp-json\/wp\/v2\/types\/post"}],"author":[{"embeddable":true,"href":"https:\/\/cyclingpro.net\/velopro\/wp-json\/wp\/v2\/users\/20"}],"replies":[{"embeddable":true,"href":"https:\/\/cyclingpro.net\/velopro\/wp-json\/wp\/v2\/comments?post=163503"}],"version-history":[{"count":0,"href":"https:\/\/cyclingpro.net\/velopro\/wp-json\/wp\/v2\/posts\/163503\/revisions"}],"wp:featuredmedia":[{"embeddable":true,"href":"https:\/\/cyclingpro.net\/velopro\/wp-json\/wp\/v2\/media\/163502"}],"wp:attachment":[{"href":"https:\/\/cyclingpro.net\/velopro\/wp-json\/wp\/v2\/media?parent=163503"}],"wp:term":[{"taxonomy":"category","embeddable":true,"href":"https:\/\/cyclingpro.net\/velopro\/wp-json\/wp\/v2\/categories?post=163503"},{"taxonomy":"post_tag","embeddable":true,"href":"https:\/\/cyclingpro.net\/velopro\/wp-json\/wp\/v2\/tags?post=163503"}],"curies":[{"name":"wp","href":"https:\/\/api.w.org\/{rel}","templated":true}]}}