{"id":163382,"date":"2025-12-14T08:56:55","date_gmt":"2025-12-14T07:56:55","guid":{"rendered":"https:\/\/cyclingpro.net\/velopro\/uncategorized\/uae-emirates-xrg-devoile-une-nouvelle-livree-de-velo-colnago-pour-la-saison-2026\/"},"modified":"2025-12-14T08:56:55","modified_gmt":"2025-12-14T07:56:55","slug":"uae-emirates-xrg-devoile-une-nouvelle-livree-de-velo-colnago-pour-la-saison-2026","status":"publish","type":"post","link":"https:\/\/cyclingpro.net\/velopro\/autre\/uae-emirates-xrg-devoile-une-nouvelle-livree-de-velo-colnago-pour-la-saison-2026\/","title":{"rendered":"UAE Emirates XRG d\u00e9voile une nouvelle livr\u00e9e de v\u00e9lo Colnago pour la saison 2026"},"content":{"rendered":"<p>Le jour des r\u00e9v\u00e9lations du calendrier par ses coureurs les plus repr\u00e9sentatifs, la <strong>UAE Emirates XRG<\/strong> a \u00e9galement lev\u00e9 le voile sur le v\u00e9lo qui sera utilis\u00e9 lors de la saison 2026. Comme les ann\u00e9es pr\u00e9c\u00e9dentes, il sera \u00e0 nouveau fourni par Colnago, qui a cr\u00e9\u00e9 pour ses V5R une livr\u00e9e dont les couleurs sont \u00e9troitement li\u00e9es \u00e0 celles du <a href=\"https:\/\/cyclingpro.net\/spaziociclismo\/maglie-e-telai\/uae-emirates-xrg-svelata-la-maglia-per-la-stagione-2026\/\" target=\"_blank\" rel=\"noopener\">maillot de course universel de Tadej Poga\u010dar<\/a> (pas le Slov\u00e8ne, toutefois, puisqu&rsquo;il concourra avec le maillot de champion du monde jusqu&rsquo;en septembre au moins), et qui pr\u00e9sentera donc une combinaison de noir et de blanc, avec quelques empi\u00e8cements rouges.<\/p>\n<p><iframe loading=\"lazy\" style=\"border : none ; overflow : hidden ;\" src=\"https:\/\/www.facebook.com\/plugins\/post.php?href=https%3A%2F%2Fwww.facebook.com%2FColnago%2Fposts%2Fpfbid028gvy5zWCNxQMhtLAB9gHnK9YnfPY2FkCwkbfCE72XUEHnm9Lc5AqcEui2DvGUxYNl&amp;show_text=true&amp;width=500\" width=\"500\" height=\"646\" frameborder=\"0\" scrolling=\"no\" allowfullscreen=\"allowfullscreen\"><\/iframe><\/p>\n","protected":false},"excerpt":{"rendered":"<p>Le jour des r\u00e9v\u00e9lations du calendrier par ses coureurs les plus repr\u00e9sentatifs, la UAE Emirates XRG a \u00e9galement lev\u00e9 le voile sur le v\u00e9lo qui sera utilis\u00e9 lors de la saison 2026. Comme les ann\u00e9es pr\u00e9c\u00e9dentes, il sera \u00e0 nouveau fourni par Colnago, qui a cr\u00e9\u00e9 pour ses V5R une livr\u00e9e dont les couleurs sont &hellip;<\/p>\n","protected":false},"author":20,"featured_media":163381,"comment_status":"open","ping_status":"open","sticky":false,"template":"","format":"standard","meta":{"footnotes":""},"categories":[3],"tags":[],"class_list":["post-163382","post","type-post","status-publish","format-standard","has-post-thumbnail","hentry","category-autre"],"_links":{"self":[{"href":"https:\/\/cyclingpro.net\/velopro\/wp-json\/wp\/v2\/posts\/163382","targetHints":{"allow":["GET"]}}],"collection":[{"href":"https:\/\/cyclingpro.net\/velopro\/wp-json\/wp\/v2\/posts"}],"about":[{"href":"https:\/\/cyclingpro.net\/velopro\/wp-json\/wp\/v2\/types\/post"}],"author":[{"embeddable":true,"href":"https:\/\/cyclingpro.net\/velopro\/wp-json\/wp\/v2\/users\/20"}],"replies":[{"embeddable":true,"href":"https:\/\/cyclingpro.net\/velopro\/wp-json\/wp\/v2\/comments?post=163382"}],"version-history":[{"count":0,"href":"https:\/\/cyclingpro.net\/velopro\/wp-json\/wp\/v2\/posts\/163382\/revisions"}],"wp:featuredmedia":[{"embeddable":true,"href":"https:\/\/cyclingpro.net\/velopro\/wp-json\/wp\/v2\/media\/163381"}],"wp:attachment":[{"href":"https:\/\/cyclingpro.net\/velopro\/wp-json\/wp\/v2\/media?parent=163382"}],"wp:term":[{"taxonomy":"category","embeddable":true,"href":"https:\/\/cyclingpro.net\/velopro\/wp-json\/wp\/v2\/categories?post=163382"},{"taxonomy":"post_tag","embeddable":true,"href":"https:\/\/cyclingpro.net\/velopro\/wp-json\/wp\/v2\/tags?post=163382"}],"curies":[{"name":"wp","href":"https:\/\/api.w.org\/{rel}","templated":true}]}}