{"id":163376,"date":"2025-12-13T18:26:05","date_gmt":"2025-12-13T17:26:05","guid":{"rendered":"https:\/\/cyclingpro.net\/velopro\/uncategorized\/uae-emirates-xrg-tadej-pogacar-vers-2026-entre-gagner-le-cinquieme-tour-ou-paris-tours-elite-je-choisirais-tours-elite\/"},"modified":"2025-12-13T18:26:05","modified_gmt":"2025-12-13T17:26:05","slug":"uae-emirates-xrg-tadej-pogacar-vers-2026-entre-gagner-le-cinquieme-tour-ou-paris-tours-elite-je-choisirais-tours-elite","status":"publish","type":"post","link":"https:\/\/cyclingpro.net\/velopro\/autre\/uae-emirates-xrg-tadej-pogacar-vers-2026-entre-gagner-le-cinquieme-tour-ou-paris-tours-elite-je-choisirais-tours-elite\/","title":{"rendered":"UAE Emirates XRG, Tadej Poga\u010dar vers 2026 : \u00a0\u00bb Entre gagner le cinqui\u00e8me Tour ou Paris &#8211; Tours Elite, je choisirais Tours Elite"},"content":{"rendered":"<p><strong>Tadej Poga\u010dar<\/strong> a accompli la premi\u00e8re t\u00e2che de la saison 2026, alors qu&rsquo;elle n&rsquo;a pas encore commenc\u00e9. Lors d&rsquo;une conf\u00e9rence de presse \u00e0 Benidorm (Espagne), le Slov\u00e8ne a annonc\u00e9 <a href=\"https:\/\/cyclingpro.net\/spaziociclismo\/worldtour\/uae-emirates-xrg-il-programma-2026-di-tadej-pogacar-inizio-alla-strade-bianche-poi-sanremo-fiandre-roubaix-e-liegi-novita-romandia-prima-del-tour-de-france\/\" target=\"_blank\" rel=\"noopener\">le programme de la saison \u00e0 venir<\/a>. Il n&rsquo;y a pas de surprises particuli\u00e8res, en raison \u00e9galement du fait que les annonces sont venues, en termes de calendrier, jusqu&rsquo;\u00e0 l&rsquo;\u00e9vidente participation au <strong>Tour de France 2026<\/strong> ; \u00e0 partir de l\u00e0, en effet, on verra, la porte de la <strong>Vuelta a Espa\u00f1a 2026<\/strong> restant pour le moins entrouverte. Les certitudes, outre le Tour et les d\u00e9buts du Tour de Romandie et du Tour de Suisse, sont les quatre Monuments du printemps.<\/p>\n<p>Parmi ceux-ci, il y en a un qui semble motiver le champion <strong>UAE Emirates XRG<\/strong> plus que les autres, \u00e0 savoir le <strong>Paris-Roubaix<\/strong>. \u00ab\u00a0Si je devais choisir entre gagner le Tour ou le Roubaix, je choisirais le Roubaix &#8211; propos de Poga\u010dar recueillis par <a href=\"https:\/\/www.cyclingnews.com\/pro-cycling\/training-camps\/tadej-pogacar-eyes-paris-roubaix-victory-and-historic-fifth-tour-de-france-title-as-focal-points-of-confirmed-2026-racing-programme\/\" target=\"_blank\" rel=\"noopener\"><em>CyclingNews<\/em><\/a> &#8211; <strong>J&rsquo;ai d\u00e9j\u00e0 gagn\u00e9 le Tour quatre fois, et entre passer de 4 \u00e0 5 ou de z\u00e9ro \u00e0 1, il y a une grande diff\u00e9rence<\/strong>.\u00a0\u00bb<\/p>\n<p>En parlant du Tour de France, plusieurs coureurs se bousculent, comme le nouveau duo de Red Bull &#8211; hansgrohe, <a href=\"https:\/\/cyclingpro.net\/spaziociclismo\/worldtour\/red-bull-bora-hansgrohe-remco-evenepoel-e-pronto-a-sfidare-la-super-uae-al-tour-de-france-sia-io-che-lipowitz-abbiamo-gia-fatto-un-terzo-posto-e-ce-spazio-per-migliorare\/\" target=\"_blank\" rel=\"noopener\">form\u00e9 par Remco Evenepoel et Florian Lipowitz,<\/a> ou Lidl-Trek qui s&rsquo;appuiera sur son ancien \u00e9quipier Juan Ayuso, sans parler de Jonas Vingegaard, qui n&rsquo;a pas encore officialis\u00e9 son programme. Des craintes ? \u00ab\u00a0Non, pas vraiment\u00a0\u00bb, r\u00e9pond Poga\u010dar, \u00ab\u00a0chaque ann\u00e9e au Tour, il y a le plus haut niveau de comp\u00e9titivit\u00e9 possible. Tout le monde est toujours \u00e0 100 % lorsqu&rsquo;il arrive et les \u00e9quipes envoient toujours leurs meilleurs effectifs. <strong>Vous savez que vous devez vous Lotto contre les plus forts et que vous devez \u00eatre pr\u00eat \u00e0 les affronter tous<\/strong>&lsquo;.<\/p>\n<p>Au Tour de France, selon le calendrier \u00e9tabli par l&rsquo;UAE Emirates XRG, <a href=\"https:\/\/cyclingpro.net\/spaziociclismo\/worldtour\/uae-team-emirates-xrg-isaac-del-toro-sara-al-tour-de-france-previste-anche-strade-bianche-tirreno-e-sanremo-ma-non-il-giro\/\" target=\"_blank\" rel=\"noopener\">le Slov\u00e8ne partagera les efforts avec le Mexicain <strong>Isaac Del Toro<\/strong><\/a> : \u00ab\u00a0J&rsquo;esp\u00e8re qu&rsquo;il pourra \u00eatre au niveau des 2025 et peut-\u00eatre qu&rsquo;il pourra aller encore plus fort &#8211; les mots du champion du monde 2025 &#8211;<strong>Il a sa propre fa\u00e7on de courir, son propre style et je l&rsquo;admire \u00e0 la fois en tant que coureur et en tant que personne.<\/J'esp\u00e8re qu'il pourra continuer sur la voie qu'il a emprunt\u00e9e et continuer \u00e0 appr\u00e9cier le cyclisme autant qu'il le fait en ce moment.\n<\/p>\n","protected":false},"excerpt":{"rendered":"<p>Tadej Poga\u010dar a accompli la premi\u00e8re t\u00e2che de la saison 2026, alors qu&rsquo;elle n&rsquo;a pas encore commenc\u00e9. Lors d&rsquo;une conf\u00e9rence de presse \u00e0 Benidorm (Espagne), le Slov\u00e8ne a annonc\u00e9 le programme de la saison \u00e0 venir. Il n&rsquo;y a pas de surprises particuli\u00e8res, en raison \u00e9galement du fait que les annonces sont venues, en termes &hellip;<\/p>\n","protected":false},"author":20,"featured_media":163375,"comment_status":"open","ping_status":"open","sticky":false,"template":"","format":"standard","meta":{"footnotes":""},"categories":[3],"tags":[],"class_list":["post-163376","post","type-post","status-publish","format-standard","has-post-thumbnail","hentry","category-autre"],"_links":{"self":[{"href":"https:\/\/cyclingpro.net\/velopro\/wp-json\/wp\/v2\/posts\/163376","targetHints":{"allow":["GET"]}}],"collection":[{"href":"https:\/\/cyclingpro.net\/velopro\/wp-json\/wp\/v2\/posts"}],"about":[{"href":"https:\/\/cyclingpro.net\/velopro\/wp-json\/wp\/v2\/types\/post"}],"author":[{"embeddable":true,"href":"https:\/\/cyclingpro.net\/velopro\/wp-json\/wp\/v2\/users\/20"}],"replies":[{"embeddable":true,"href":"https:\/\/cyclingpro.net\/velopro\/wp-json\/wp\/v2\/comments?post=163376"}],"version-history":[{"count":0,"href":"https:\/\/cyclingpro.net\/velopro\/wp-json\/wp\/v2\/posts\/163376\/revisions"}],"wp:featuredmedia":[{"embeddable":true,"href":"https:\/\/cyclingpro.net\/velopro\/wp-json\/wp\/v2\/media\/163375"}],"wp:attachment":[{"href":"https:\/\/cyclingpro.net\/velopro\/wp-json\/wp\/v2\/media?parent=163376"}],"wp:term":[{"taxonomy":"category","embeddable":true,"href":"https:\/\/cyclingpro.net\/velopro\/wp-json\/wp\/v2\/categories?post=163376"},{"taxonomy":"post_tag","embeddable":true,"href":"https:\/\/cyclingpro.net\/velopro\/wp-json\/wp\/v2\/tags?post=163376"}],"curies":[{"name":"wp","href":"https:\/\/api.w.org\/{rel}","templated":true}]}}