{"id":163372,"date":"2025-12-13T17:19:11","date_gmt":"2025-12-13T16:19:11","guid":{"rendered":"https:\/\/cyclingpro.net\/velopro\/uncategorized\/lidl-trek-mads-pedersen-veut-au-moins-un-monument-je-sais-que-pogacar-et-van-der-poel-sont-plus-talentueux-que-moi-mais-je-pense-quil-est-possible-de-les-battre\/"},"modified":"2025-12-13T17:19:11","modified_gmt":"2025-12-13T16:19:11","slug":"lidl-trek-mads-pedersen-veut-au-moins-un-monument-je-sais-que-pogacar-et-van-der-poel-sont-plus-talentueux-que-moi-mais-je-pense-quil-est-possible-de-les-battre","status":"publish","type":"post","link":"https:\/\/cyclingpro.net\/velopro\/autre\/lidl-trek-mads-pedersen-veut-au-moins-un-monument-je-sais-que-pogacar-et-van-der-poel-sont-plus-talentueux-que-moi-mais-je-pense-quil-est-possible-de-les-battre\/","title":{"rendered":"Lidl-Trek, Mads Pedersen veut (au moins) un Monument : \u00ab\u00a0Je sais que Poga\u010dar et Van der Poel sont plus talentueux que moi, mais je pense qu&rsquo;il est possible de les battre"},"content":{"rendered":"<p><strong>Mads Pedersen<\/strong> est depuis longtemps l&rsquo;un des coureurs les plus forts de la sc\u00e8ne mondiale. Le Danois, qui s&rsquo;est r\u00e9v\u00e9l\u00e9 au grand public en remportant tr\u00e8s jeune les Championnats du monde 2019, n&rsquo;a cess\u00e9 de monter en puissance de saison en saison, accumulant les succ\u00e8s et les r\u00e9sultats exceptionnels. Pedersen, 29 ans, compte d\u00e9j\u00e0 60 succ\u00e8s professionnels \u00e0 son actif, mais il y a un vide de course dans son \u00e2me qui reste \u00e0 combler, celui de remporter une Monumental Classics. Le coureur de <strong>Lidl-Trek<\/strong> compte quatre places dans le top 10 au <strong>Milano-Sanremo<\/strong>, trois podiums au <strong>Jiro delle Fiandre<\/strong> et deux troisi\u00e8mes places au <strong>Paris-Roubaix<\/strong>.<\/p>\n<p>Le Danois<a href=\"https:\/\/cyclingpro.net\/spaziociclismo\/worldtour\/lidl-trek-nel-2026-mads-pedersen-punta-una-monumento-e-la-maglia-verde\/\" target=\"_blank\" rel=\"noopener\"> a annonc\u00e9 son programme pour la saison \u00e0 venir<\/a> et ces trois rendez-vous sont \u00e9pingl\u00e9s du plus classique des cercles rouges. Les m\u00eames marques sont toutefois pr\u00e9sentes sur le calendrier 2026 de <strong>Tadej Poga\u010dar<\/strong>, <a href=\"https:\/\/cyclingpro.net\/spaziociclismo\/worldtour\/uae-emirates-xrg-il-programma-2026-di-tadej-pogacar-inizio-alla-strade-bianche-poi-sanremo-fiandre-roubaix-e-liegi-novita-romandia-prima-del-tour-de-france\/\" target=\"_blank\" rel=\"noopener\">\u00e9galement d\u00e9voil\u00e9 r\u00e9cemment<\/a>, et elles seront, selon toute vraisemblance, \u00e9galement les marques distinctives du calendrier de <strong>Mathieu van der Poel<\/strong>. <\/Pedersen devra donc faire face \u00e0 une concurrence princi\u00e8re sur le chemin de la gloire \"monumentale\".\n\n\"Je dirais qu'il est assez \u00e9vident que je cherche la victoire dans ces courses,\" les mots de Pedersen rapport\u00e9s par <a href=\"https:\/\/www.domestiquecycling.com\/en\/news\/mads-pedersen-aims-to-dethrone-pogacar-and-van-der-poel-in-monument-hunt-i-believe-i-can-beat-them\/\" target=\"_blank\" rel=\"noopener\"><em>Domestique<\/em> <\/a>&#8211; Roubaix, en particulier, est la course de mes r\u00eaves, et essayer de gagner ces courses est ce pour quoi mon \u00e9quipe me paye. <strong>Si je n&rsquo;y croyais pas, pourquoi Lidl-Trek y croirait-elle ? <\/strong>Il est clair que c&rsquo;est difficile, parce qu&rsquo;il y a des coureurs tr\u00e8s forts \u00e0 affronter.<\/p>\n<p>Pedersen fait r\u00e9f\u00e9rence aux deux champions pr\u00e9cit\u00e9s : \u00ab\u00a0Nous croyons toujours vraiment qu&rsquo;il est possible de les battre, ajoute le champion du monde 2019 d&rsquo;Harrogate. <strong>Mais, en m\u00eame temps, je suis bien conscient que ces deux-l\u00e0 sont plus talentueux et sont de plus grands coureurs que moi. <\/strong>Mais, certains jours, je peux rester devant eux. Je l&rsquo;ai d\u00e9j\u00e0 prouv\u00e9, au moins avec l&rsquo;un des deux (Van der Poel &#8211; <em>ndr<\/em>). Tadej est un os diff\u00e9rent, mais nous continuerons \u00e0 travailler afin de nous pr\u00e9senter \u00e0 notre meilleur niveau dans la course. Nous pensons qu&rsquo;il est possible de progresser de 1 \u00e0 2 %, ce dont j&rsquo;ai besoin pour battre ces deux-l\u00e0.<\/p>\n<p>Outre Roubaix, Pedersen attend \u00e9galement avec impatience Sanremo, confort\u00e9 par les r\u00e9sultats r\u00e9cents d&rsquo;un coll\u00e8gue qui lui ressemble beaucoup en termes de qualit\u00e9s physiques. \u00ab\u00a0Je dois m&rsquo;am\u00e9liorer dans cet effort de 10 minutes qui est n\u00e9cessaire pour faire la Cipressa\u00a0\u00bb, note Pedersen, \u00ab\u00a0<strong>Quand j&rsquo;ai vu ce que Filippo Ganna a fait l&rsquo;ann\u00e9e derni\u00e8re, j&rsquo;ai pens\u00e9 que je pouvais le faire aussi, sans rien enlever \u00e0 la performance de Ganna, parce qu&rsquo;il est l&rsquo;un des meilleurs au monde<\/strong>. Mais je pense que je suis capable de faire la m\u00eame chose et c&rsquo;est pourquoi je pense que je peux gagner Milano-Sanremo.<\/p>\n","protected":false},"excerpt":{"rendered":"<p>Mads Pedersen est depuis longtemps l&rsquo;un des coureurs les plus forts de la sc\u00e8ne mondiale. Le Danois, qui s&rsquo;est r\u00e9v\u00e9l\u00e9 au grand public en remportant tr\u00e8s jeune les Championnats du monde 2019, n&rsquo;a cess\u00e9 de monter en puissance de saison en saison, accumulant les succ\u00e8s et les r\u00e9sultats exceptionnels. Pedersen, 29 ans, compte d\u00e9j\u00e0 60 &hellip;<\/p>\n","protected":false},"author":20,"featured_media":163371,"comment_status":"open","ping_status":"open","sticky":false,"template":"","format":"standard","meta":{"footnotes":""},"categories":[3],"tags":[],"class_list":["post-163372","post","type-post","status-publish","format-standard","has-post-thumbnail","hentry","category-autre"],"_links":{"self":[{"href":"https:\/\/cyclingpro.net\/velopro\/wp-json\/wp\/v2\/posts\/163372","targetHints":{"allow":["GET"]}}],"collection":[{"href":"https:\/\/cyclingpro.net\/velopro\/wp-json\/wp\/v2\/posts"}],"about":[{"href":"https:\/\/cyclingpro.net\/velopro\/wp-json\/wp\/v2\/types\/post"}],"author":[{"embeddable":true,"href":"https:\/\/cyclingpro.net\/velopro\/wp-json\/wp\/v2\/users\/20"}],"replies":[{"embeddable":true,"href":"https:\/\/cyclingpro.net\/velopro\/wp-json\/wp\/v2\/comments?post=163372"}],"version-history":[{"count":0,"href":"https:\/\/cyclingpro.net\/velopro\/wp-json\/wp\/v2\/posts\/163372\/revisions"}],"wp:featuredmedia":[{"embeddable":true,"href":"https:\/\/cyclingpro.net\/velopro\/wp-json\/wp\/v2\/media\/163371"}],"wp:attachment":[{"href":"https:\/\/cyclingpro.net\/velopro\/wp-json\/wp\/v2\/media?parent=163372"}],"wp:term":[{"taxonomy":"category","embeddable":true,"href":"https:\/\/cyclingpro.net\/velopro\/wp-json\/wp\/v2\/categories?post=163372"},{"taxonomy":"post_tag","embeddable":true,"href":"https:\/\/cyclingpro.net\/velopro\/wp-json\/wp\/v2\/tags?post=163372"}],"curies":[{"name":"wp","href":"https:\/\/api.w.org\/{rel}","templated":true}]}}