{"id":163370,"date":"2025-12-13T16:41:01","date_gmt":"2025-12-13T15:41:01","guid":{"rendered":"https:\/\/cyclingpro.net\/velopro\/uncategorized\/uae-emirates-xrg-le-programme-de-tadej-pogacar-pour-2026-debut-par-la-strade-bianche-puis-san-remo-les-flandres-roubaix-et-liege-nouvelle-romandie-avant-le-tour-de-france\/"},"modified":"2025-12-13T16:41:01","modified_gmt":"2025-12-13T15:41:01","slug":"uae-emirates-xrg-le-programme-de-tadej-pogacar-pour-2026-debut-par-la-strade-bianche-puis-san-remo-les-flandres-roubaix-et-liege-nouvelle-romandie-avant-le-tour-de-france","status":"publish","type":"post","link":"https:\/\/cyclingpro.net\/velopro\/autre\/uae-emirates-xrg-le-programme-de-tadej-pogacar-pour-2026-debut-par-la-strade-bianche-puis-san-remo-les-flandres-roubaix-et-liege-nouvelle-romandie-avant-le-tour-de-france\/","title":{"rendered":"UAE Emirates XRG, le programme de Tadej Poga\u010dar pour 2026 : d\u00e9but par la Strade Bianche, puis San Remo, les Flandres, Roubaix et Li\u00e8ge &#8211; Nouvelle Romandie avant le Tour de France."},"content":{"rendered":"<p><strong>Le calendrier 2026 de Tadej Poga\u010dar<\/strong> est enfin fix\u00e9. Le double champion du monde a annonc\u00e9 ses plans pour la saison \u00e0 venir, une saison qui s&rsquo;annonce, comme les pr\u00e9c\u00e9dentes, pleine de d\u00e9fis importants et d&rsquo;objectifs prestigieux \u00e0 poursuivre.<\/p>\n<p>La saison du ph\u00e9nom\u00e8ne UAE Emirates XRG d\u00e9butera lors de la Strade Bianche 2026. Giro\u010dar restera en Italie pour chasser le Milano-Sanremo 2026 avant de se diriger vers le nord, o\u00f9 il s&rsquo;attaquera au Tour des Flandres 2026 et \u00e0 Paris-Roubaix 2026. Ensuite, sur l&rsquo;agenda du Slov\u00e8ne, il y aura Li\u00e8ge-Bastogne-Li\u00e8ge (non \u00e0 Amstel Gold Race et La Fl\u00e8che Wallonne, donc) et deux nouveaut\u00e9s, par rapport \u00e0 ces derni\u00e8res ann\u00e9es, \u00e0 savoir le Tour de Romandie et le Tour de Suisse.<\/p>\n<p>De l\u00e0, Poga\u010dar se dirigera vers le Tour de France. Quant au dernier tiers de la saison, les choses seront d\u00e9finies plus tard.<\/p>\n<p><em>\/ in update \/ <\/em>.<\/p>\n","protected":false},"excerpt":{"rendered":"<p>Le calendrier 2026 de Tadej Poga\u010dar est enfin fix\u00e9. Le double champion du monde a annonc\u00e9 ses plans pour la saison \u00e0 venir, une saison qui s&rsquo;annonce, comme les pr\u00e9c\u00e9dentes, pleine de d\u00e9fis importants et d&rsquo;objectifs prestigieux \u00e0 poursuivre. La saison du ph\u00e9nom\u00e8ne UAE Emirates XRG d\u00e9butera lors de la Strade Bianche 2026. Giro\u010dar restera &hellip;<\/p>\n","protected":false},"author":20,"featured_media":163369,"comment_status":"open","ping_status":"open","sticky":false,"template":"","format":"standard","meta":{"footnotes":""},"categories":[3],"tags":[],"class_list":["post-163370","post","type-post","status-publish","format-standard","has-post-thumbnail","hentry","category-autre"],"_links":{"self":[{"href":"https:\/\/cyclingpro.net\/velopro\/wp-json\/wp\/v2\/posts\/163370","targetHints":{"allow":["GET"]}}],"collection":[{"href":"https:\/\/cyclingpro.net\/velopro\/wp-json\/wp\/v2\/posts"}],"about":[{"href":"https:\/\/cyclingpro.net\/velopro\/wp-json\/wp\/v2\/types\/post"}],"author":[{"embeddable":true,"href":"https:\/\/cyclingpro.net\/velopro\/wp-json\/wp\/v2\/users\/20"}],"replies":[{"embeddable":true,"href":"https:\/\/cyclingpro.net\/velopro\/wp-json\/wp\/v2\/comments?post=163370"}],"version-history":[{"count":0,"href":"https:\/\/cyclingpro.net\/velopro\/wp-json\/wp\/v2\/posts\/163370\/revisions"}],"wp:featuredmedia":[{"embeddable":true,"href":"https:\/\/cyclingpro.net\/velopro\/wp-json\/wp\/v2\/media\/163369"}],"wp:attachment":[{"href":"https:\/\/cyclingpro.net\/velopro\/wp-json\/wp\/v2\/media?parent=163370"}],"wp:term":[{"taxonomy":"category","embeddable":true,"href":"https:\/\/cyclingpro.net\/velopro\/wp-json\/wp\/v2\/categories?post=163370"},{"taxonomy":"post_tag","embeddable":true,"href":"https:\/\/cyclingpro.net\/velopro\/wp-json\/wp\/v2\/tags?post=163370"}],"curies":[{"name":"wp","href":"https:\/\/api.w.org\/{rel}","templated":true}]}}