{"id":163368,"date":"2025-12-13T16:00:22","date_gmt":"2025-12-13T15:00:22","guid":{"rendered":"https:\/\/cyclingpro.net\/velopro\/uncategorized\/exact-cross-niels-vandeputte-remporte-son-premier-succes-saisonnier-a-courtrai\/"},"modified":"2025-12-13T16:00:22","modified_gmt":"2025-12-13T15:00:22","slug":"exact-cross-niels-vandeputte-remporte-son-premier-succes-saisonnier-a-courtrai","status":"publish","type":"post","link":"https:\/\/cyclingpro.net\/velopro\/autre\/exact-cross-niels-vandeputte-remporte-son-premier-succes-saisonnier-a-courtrai\/","title":{"rendered":"Exact Cross, Niels Vandeputte remporte son premier succ\u00e8s saisonnier \u00e0 Courtrai"},"content":{"rendered":"<p>Niels Vandeputte se r\u00e9jouit de l&rsquo;Exact Cross de Courtrai. Le Belge d&rsquo;Alpecin-Deceuninck a pris le dessus dans le final d&rsquo;une course tr\u00e8s disput\u00e9e, devan\u00e7ant le Britannique Cameron Mason (Seven Racing) de trois secondes pour remporter sa premi\u00e8re victoire de la saison.<\/p>\n<p><em>Plus d&rsquo;informations<\/em> \u00e0 venir<\/p>\n","protected":false},"excerpt":{"rendered":"<p>Niels Vandeputte se r\u00e9jouit de l&rsquo;Exact Cross de Courtrai. Le Belge d&rsquo;Alpecin-Deceuninck a pris le dessus dans le final d&rsquo;une course tr\u00e8s disput\u00e9e, devan\u00e7ant le Britannique Cameron Mason (Seven Racing) de trois secondes pour remporter sa premi\u00e8re victoire de la saison. Plus d&rsquo;informations \u00e0 venir<\/p>\n","protected":false},"author":20,"featured_media":163367,"comment_status":"open","ping_status":"open","sticky":false,"template":"","format":"standard","meta":{"footnotes":""},"categories":[3],"tags":[],"class_list":["post-163368","post","type-post","status-publish","format-standard","has-post-thumbnail","hentry","category-autre"],"_links":{"self":[{"href":"https:\/\/cyclingpro.net\/velopro\/wp-json\/wp\/v2\/posts\/163368","targetHints":{"allow":["GET"]}}],"collection":[{"href":"https:\/\/cyclingpro.net\/velopro\/wp-json\/wp\/v2\/posts"}],"about":[{"href":"https:\/\/cyclingpro.net\/velopro\/wp-json\/wp\/v2\/types\/post"}],"author":[{"embeddable":true,"href":"https:\/\/cyclingpro.net\/velopro\/wp-json\/wp\/v2\/users\/20"}],"replies":[{"embeddable":true,"href":"https:\/\/cyclingpro.net\/velopro\/wp-json\/wp\/v2\/comments?post=163368"}],"version-history":[{"count":0,"href":"https:\/\/cyclingpro.net\/velopro\/wp-json\/wp\/v2\/posts\/163368\/revisions"}],"wp:featuredmedia":[{"embeddable":true,"href":"https:\/\/cyclingpro.net\/velopro\/wp-json\/wp\/v2\/media\/163367"}],"wp:attachment":[{"href":"https:\/\/cyclingpro.net\/velopro\/wp-json\/wp\/v2\/media?parent=163368"}],"wp:term":[{"taxonomy":"category","embeddable":true,"href":"https:\/\/cyclingpro.net\/velopro\/wp-json\/wp\/v2\/categories?post=163368"},{"taxonomy":"post_tag","embeddable":true,"href":"https:\/\/cyclingpro.net\/velopro\/wp-json\/wp\/v2\/tags?post=163368"}],"curies":[{"name":"wp","href":"https:\/\/api.w.org\/{rel}","templated":true}]}}