{"id":163366,"date":"2025-12-13T15:30:33","date_gmt":"2025-12-13T14:30:33","guid":{"rendered":"https:\/\/cyclingpro.net\/velopro\/uncategorized\/uae-team-emirates-xrg-isaac-del-toro-sera-au-tour-de-france-strade-bianche-tirreno-et-sanremo-egalement-prevus-mais-pas-le-giro\/"},"modified":"2025-12-13T15:30:33","modified_gmt":"2025-12-13T14:30:33","slug":"uae-team-emirates-xrg-isaac-del-toro-sera-au-tour-de-france-strade-bianche-tirreno-et-sanremo-egalement-prevus-mais-pas-le-giro","status":"publish","type":"post","link":"https:\/\/cyclingpro.net\/velopro\/autre\/uae-team-emirates-xrg-isaac-del-toro-sera-au-tour-de-france-strade-bianche-tirreno-et-sanremo-egalement-prevus-mais-pas-le-giro\/","title":{"rendered":"UAE Team Emirates XRG, Isaac Del Toro sera au Tour de France ! Strade Bianche, Tirreno et Sanremo \u00e9galement pr\u00e9vus, mais pas le Giro"},"content":{"rendered":"<p><strong>Isaac Del Toro<\/strong> fera ses d\u00e9buts sur le <strong>Tour de France<\/strong> en 2026. En annon\u00e7ant ses projets pour la saison prochaine, UAE Team Emirates XRG a annonc\u00e9 que le talentueux Mexicain participera \u00e0 la Grande Boucle aux c\u00f4t\u00e9s de Tadej Pogacar. Pour le jeune homme de 22 ans, en revanche, il n&rsquo;y aura pas de Giro d&rsquo;Italia (o\u00f9 le chef d&rsquo;\u00e9quipe sera Joao Almeida), mais il y a encore beaucoup d&rsquo;Italie \u00e0 son programme avec une participation \u00e0 Strade Bianche, Tirreno-Adriatico et Milano-Sanremo.<\/p>\n<p><De plus amples informations suivront.\n<\/p>\n","protected":false},"excerpt":{"rendered":"<p>Isaac Del Toro fera ses d\u00e9buts sur le Tour de France en 2026. En annon\u00e7ant ses projets pour la saison prochaine, UAE Team Emirates XRG a annonc\u00e9 que le talentueux Mexicain participera \u00e0 la Grande Boucle aux c\u00f4t\u00e9s de Tadej Pogacar. Pour le jeune homme de 22 ans, en revanche, il n&rsquo;y aura pas de &hellip;<\/p>\n","protected":false},"author":20,"featured_media":163365,"comment_status":"open","ping_status":"open","sticky":false,"template":"","format":"standard","meta":{"footnotes":""},"categories":[3],"tags":[],"class_list":["post-163366","post","type-post","status-publish","format-standard","has-post-thumbnail","hentry","category-autre"],"_links":{"self":[{"href":"https:\/\/cyclingpro.net\/velopro\/wp-json\/wp\/v2\/posts\/163366","targetHints":{"allow":["GET"]}}],"collection":[{"href":"https:\/\/cyclingpro.net\/velopro\/wp-json\/wp\/v2\/posts"}],"about":[{"href":"https:\/\/cyclingpro.net\/velopro\/wp-json\/wp\/v2\/types\/post"}],"author":[{"embeddable":true,"href":"https:\/\/cyclingpro.net\/velopro\/wp-json\/wp\/v2\/users\/20"}],"replies":[{"embeddable":true,"href":"https:\/\/cyclingpro.net\/velopro\/wp-json\/wp\/v2\/comments?post=163366"}],"version-history":[{"count":0,"href":"https:\/\/cyclingpro.net\/velopro\/wp-json\/wp\/v2\/posts\/163366\/revisions"}],"wp:featuredmedia":[{"embeddable":true,"href":"https:\/\/cyclingpro.net\/velopro\/wp-json\/wp\/v2\/media\/163365"}],"wp:attachment":[{"href":"https:\/\/cyclingpro.net\/velopro\/wp-json\/wp\/v2\/media?parent=163366"}],"wp:term":[{"taxonomy":"category","embeddable":true,"href":"https:\/\/cyclingpro.net\/velopro\/wp-json\/wp\/v2\/categories?post=163366"},{"taxonomy":"post_tag","embeddable":true,"href":"https:\/\/cyclingpro.net\/velopro\/wp-json\/wp\/v2\/tags?post=163366"}],"curies":[{"name":"wp","href":"https:\/\/api.w.org\/{rel}","templated":true}]}}