{"id":163362,"date":"2025-12-13T14:40:35","date_gmt":"2025-12-13T13:40:35","guid":{"rendered":"https:\/\/cyclingpro.net\/velopro\/uncategorized\/exact-cross-solo-de-la-championne-europeenne-inge-van-der-heijden\/"},"modified":"2025-12-13T14:40:35","modified_gmt":"2025-12-13T13:40:35","slug":"exact-cross-solo-de-la-championne-europeenne-inge-van-der-heijden","status":"publish","type":"post","link":"https:\/\/cyclingpro.net\/velopro\/autre\/exact-cross-solo-de-la-championne-europeenne-inge-van-der-heijden\/","title":{"rendered":"Exact Cross, solo de la championne europ\u00e9enne Inge Van Der Heijden"},"content":{"rendered":"<p><strong>Inge Van Der Heijden<\/strong> a renou\u00e9 avec la victoire en remportant l&rsquo;<strong>Exact Cross<\/strong> \u00e0 <strong>Kortrijk<\/strong>. Il s&rsquo;agit du troisi\u00e8me succ\u00e8s de la saison pour la N\u00e9erlandaise de 26 ans, le premier depuis qu&rsquo;elle a endoss\u00e9 le maillot de championne d&rsquo;Europe \u00e0 Middelkerke il y a un peu plus d&rsquo;un mois. Comme \u00e0 Middelkerke, la coureuse de <strong>Crelan-Corendon<\/strong> a pris la t\u00eate d\u00e8s les premiers instants de la course et a imm\u00e9diatement r\u00e9duit l&rsquo;\u00e9cart sur toutes les autres, gagnant tout au plus 20 secondes mais g\u00e9rant bien au fil de la course pour terminer avec 18 secondes d&rsquo;avance sur sa co\u00e9quipi\u00e8re <strong>Marion Norbert Riberolle<\/strong>. Le podium du jour est compl\u00e9t\u00e9 par la Belge <strong>Julie Brouwers<\/strong> (Charles Li\u00e9geois Roastery CX), \u00e2g\u00e9e de 22 ans, qui termine \u00e0 1&rsquo;11\u00a0\u00bb.<\/p>\n<h2>La vid\u00e9o de l&rsquo;arriv\u00e9e<\/h2>\n<p>.<\/p>\n<blockquote class=\"twitter-tweet\" data-media-max-width=\"560\">\n<p dir=\"ltr\" lang=\"nl\">&#x1f6b5;&#x1f1e7;&#038;#x1f1ea ; | Inge van der Heijden voert een mooie show op in Kortrijk. La campagne europ\u00e9enne est \u00e9galement la meilleure et nous attendons pour la troisi\u00e8me fois cette s\u00e9ance ! &#x1f64c;&#x1f1f3;&#038;#x1f1f1 ; <a href=\"https:\/\/twitter.com\/hashtag\/cyclocross?src=hash&amp;ref_src=twsrc%5Etfw\">#cyclocross<\/a><\/p>\n<p>&#038;#x1f4fa ; Stream cross op HBO Max ! <a href=\"https:\/\/t.co\/H0RTOTVAou\">pic.twitter.com\/H0RTOTVAou<\/a><\/p>\n<p>.<\/p>\n<p>&#8211; Eurosport Nederland (@Eurosport_NL) <a href=\"https:\/\/twitter.com\/Eurosport_NL\/status\/1999836238807765475?ref_src=twsrc%5Etfw\">13 d\u00e9cembre 2025<\/a><\/p><\/blockquote>\n<p><script async src=\"https:\/\/platform.twitter.com\/widgets.js\" charset=\"utf-8\"><\/script><\/p>\n","protected":false},"excerpt":{"rendered":"<p>Inge Van Der Heijden a renou\u00e9 avec la victoire en remportant l&rsquo;Exact Cross \u00e0 Kortrijk. Il s&rsquo;agit du troisi\u00e8me succ\u00e8s de la saison pour la N\u00e9erlandaise de 26 ans, le premier depuis qu&rsquo;elle a endoss\u00e9 le maillot de championne d&rsquo;Europe \u00e0 Middelkerke il y a un peu plus d&rsquo;un mois. Comme \u00e0 Middelkerke, la coureuse &hellip;<\/p>\n","protected":false},"author":20,"featured_media":163361,"comment_status":"open","ping_status":"open","sticky":false,"template":"","format":"standard","meta":{"footnotes":""},"categories":[3],"tags":[],"class_list":["post-163362","post","type-post","status-publish","format-standard","has-post-thumbnail","hentry","category-autre"],"_links":{"self":[{"href":"https:\/\/cyclingpro.net\/velopro\/wp-json\/wp\/v2\/posts\/163362","targetHints":{"allow":["GET"]}}],"collection":[{"href":"https:\/\/cyclingpro.net\/velopro\/wp-json\/wp\/v2\/posts"}],"about":[{"href":"https:\/\/cyclingpro.net\/velopro\/wp-json\/wp\/v2\/types\/post"}],"author":[{"embeddable":true,"href":"https:\/\/cyclingpro.net\/velopro\/wp-json\/wp\/v2\/users\/20"}],"replies":[{"embeddable":true,"href":"https:\/\/cyclingpro.net\/velopro\/wp-json\/wp\/v2\/comments?post=163362"}],"version-history":[{"count":0,"href":"https:\/\/cyclingpro.net\/velopro\/wp-json\/wp\/v2\/posts\/163362\/revisions"}],"wp:featuredmedia":[{"embeddable":true,"href":"https:\/\/cyclingpro.net\/velopro\/wp-json\/wp\/v2\/media\/163361"}],"wp:attachment":[{"href":"https:\/\/cyclingpro.net\/velopro\/wp-json\/wp\/v2\/media?parent=163362"}],"wp:term":[{"taxonomy":"category","embeddable":true,"href":"https:\/\/cyclingpro.net\/velopro\/wp-json\/wp\/v2\/categories?post=163362"},{"taxonomy":"post_tag","embeddable":true,"href":"https:\/\/cyclingpro.net\/velopro\/wp-json\/wp\/v2\/tags?post=163362"}],"curies":[{"name":"wp","href":"https:\/\/api.w.org\/{rel}","templated":true}]}}