{"id":163360,"date":"2025-12-13T14:30:52","date_gmt":"2025-12-13T13:30:52","guid":{"rendered":"https:\/\/cyclingpro.net\/velopro\/uncategorized\/equipo-kern-pharma-le-taiwanais-yen-yi-ho-a-signe-je-sais-que-lannee-prochaine-sera-la-saison-la-plus-difficile-de-ma-carriere-jespere-grandir-avec-lequipe\/"},"modified":"2025-12-13T14:30:52","modified_gmt":"2025-12-13T13:30:52","slug":"equipo-kern-pharma-le-taiwanais-yen-yi-ho-a-signe-je-sais-que-lannee-prochaine-sera-la-saison-la-plus-difficile-de-ma-carriere-jespere-grandir-avec-lequipe","status":"publish","type":"post","link":"https:\/\/cyclingpro.net\/velopro\/autre\/equipo-kern-pharma-le-taiwanais-yen-yi-ho-a-signe-je-sais-que-lannee-prochaine-sera-la-saison-la-plus-difficile-de-ma-carriere-jespere-grandir-avec-lequipe\/","title":{"rendered":"Equipo Kern Pharma, le Ta\u00efwanais Yen Yi Ho a sign\u00e9 : \u00ab\u00a0Je sais que l&rsquo;ann\u00e9e prochaine sera la saison la plus difficile de ma carri\u00e8re, j&rsquo;esp\u00e8re grandir avec l&rsquo;\u00e9quipe\u00a0\u00bb."},"content":{"rendered":"<p>Nouveau renfort pour l&rsquo;effectif 2026 de l&rsquo;<strong>Equipo Kern Pharma<\/strong>, qui annonce la signature de <strong>Yen Yi Ho<\/strong>. Le coureur ta\u00efwanais de 24 ans est la quatri\u00e8me recrue de l&rsquo;\u00e9quipe espagnole pour la saison prochaine et, comme les trois pr\u00e9c\u00e9dentes, il est issu de l&rsquo;\u00e9quipe de d\u00e9veloppement de l&rsquo;\u00e9quipe, qu&rsquo;il a rejoint au d\u00e9but de l&rsquo;ann\u00e9e 2024 apr\u00e8s s&rsquo;\u00eatre entra\u00een\u00e9 dans le cadre du Giant Grassroots Program, un projet cr\u00e9\u00e9 par l&rsquo;entreprise ta\u00efwanaise (qui fournit les v\u00e9los de l&rsquo;\u00e9quipe) pour offrir \u00e0 certains jeunes coureurs la possibilit\u00e9 d&rsquo;acc\u00e9der aux rangs pro. Cette ann\u00e9e, Ho a obtenu quelques places dans des courses du calendrier national ib\u00e9rique et, pour la deuxi\u00e8me fois cons\u00e9cutive, a termin\u00e9 deuxi\u00e8me du contre-la-montre des Championnats Nationaux derri\u00e8re Sergio Tu.<\/p>\n<p>Je suis tr\u00e8s heureux et reconnaissant de pouvoir faire partie d&rsquo;une \u00e9quipe comme Kern Pharma\u00a0\u00bb, a d\u00e9clar\u00e9 Ho, \u00ab\u00a0leur travail d&rsquo;\u00e9quipe, leur niveau et leur professionnalisme sont incroyables et je suis tr\u00e8s fier et honor\u00e9 d&rsquo;en faire partie\u00a0\u00bb. En m\u00eame temps, <strong>je sais que l&rsquo;ann\u00e9e prochaine sera la saison la plus difficile de ma carri\u00e8re, j&rsquo;esp\u00e8re que je pourrai grandir avec l&rsquo;\u00e9quipe<\/strong>\u00ab\u00a0.<\/p>\n<p>\u00ab\u00a0Lorsque j&rsquo;ai rejoint l&rsquo;\u00e9quipe de d\u00e9veloppement, j&rsquo;ai d&rsquo;abord eu du mal \u00e0 suivre l&rsquo;intensit\u00e9 des courses en Espagne\u00a0\u00bb, poursuit le jeune homme de 24 ans, \u00ab\u00a0mais <strong>\u00e0 mesure que je continuais \u00e0 m&rsquo;entra\u00eener, \u00e0 apprendre et \u00e0 courir, j&rsquo;ai progressivement commenc\u00e9 \u00e0 gagner en confiance<\/strong>. J&rsquo;ai pu apporter ma contribution \u00e0 l&rsquo;\u00e9quipe et j&rsquo;ai \u00e9galement obtenu quelques r\u00e9sultats cette ann\u00e9e.<\/p>\n","protected":false},"excerpt":{"rendered":"<p>Nouveau renfort pour l&rsquo;effectif 2026 de l&rsquo;Equipo Kern Pharma, qui annonce la signature de Yen Yi Ho. Le coureur ta\u00efwanais de 24 ans est la quatri\u00e8me recrue de l&rsquo;\u00e9quipe espagnole pour la saison prochaine et, comme les trois pr\u00e9c\u00e9dentes, il est issu de l&rsquo;\u00e9quipe de d\u00e9veloppement de l&rsquo;\u00e9quipe, qu&rsquo;il a rejoint au d\u00e9but de l&rsquo;ann\u00e9e &hellip;<\/p>\n","protected":false},"author":20,"featured_media":163359,"comment_status":"open","ping_status":"open","sticky":false,"template":"","format":"standard","meta":{"footnotes":""},"categories":[3],"tags":[],"class_list":["post-163360","post","type-post","status-publish","format-standard","has-post-thumbnail","hentry","category-autre"],"_links":{"self":[{"href":"https:\/\/cyclingpro.net\/velopro\/wp-json\/wp\/v2\/posts\/163360","targetHints":{"allow":["GET"]}}],"collection":[{"href":"https:\/\/cyclingpro.net\/velopro\/wp-json\/wp\/v2\/posts"}],"about":[{"href":"https:\/\/cyclingpro.net\/velopro\/wp-json\/wp\/v2\/types\/post"}],"author":[{"embeddable":true,"href":"https:\/\/cyclingpro.net\/velopro\/wp-json\/wp\/v2\/users\/20"}],"replies":[{"embeddable":true,"href":"https:\/\/cyclingpro.net\/velopro\/wp-json\/wp\/v2\/comments?post=163360"}],"version-history":[{"count":0,"href":"https:\/\/cyclingpro.net\/velopro\/wp-json\/wp\/v2\/posts\/163360\/revisions"}],"wp:featuredmedia":[{"embeddable":true,"href":"https:\/\/cyclingpro.net\/velopro\/wp-json\/wp\/v2\/media\/163359"}],"wp:attachment":[{"href":"https:\/\/cyclingpro.net\/velopro\/wp-json\/wp\/v2\/media?parent=163360"}],"wp:term":[{"taxonomy":"category","embeddable":true,"href":"https:\/\/cyclingpro.net\/velopro\/wp-json\/wp\/v2\/categories?post=163360"},{"taxonomy":"post_tag","embeddable":true,"href":"https:\/\/cyclingpro.net\/velopro\/wp-json\/wp\/v2\/tags?post=163360"}],"curies":[{"name":"wp","href":"https:\/\/api.w.org\/{rel}","templated":true}]}}