{"id":163358,"date":"2025-12-13T14:15:45","date_gmt":"2025-12-13T13:15:45","guid":{"rendered":"https:\/\/cyclingpro.net\/velopro\/uncategorized\/gp-denain-2026-parcours-annonce-carte-et-profil\/"},"modified":"2025-12-13T14:15:45","modified_gmt":"2025-12-13T13:15:45","slug":"gp-denain-2026-parcours-annonce-carte-et-profil","status":"publish","type":"post","link":"https:\/\/cyclingpro.net\/velopro\/autre\/gp-denain-2026-parcours-annonce-carte-et-profil\/","title":{"rendered":"GP Denain 2026, parcours annonc\u00e9 (Carte et Profil)"},"content":{"rendered":"<p>Le <strong>GP Denain 2026<\/strong> confirme un Parcours tr\u00e8s similaire \u00e0 celui de l&rsquo;\u00e9dition 2025. Programm\u00e9e le <strong>jeudi 19 mars<\/strong>, la course transalpine se d\u00e9roulera comme toujours autour de la ville qui lui donne son nom, proposant pour cette 67\u00e8me<sup> \u00e9dition un parcours de 200,4 kilom\u00e8tres qui comportera \u00e0 nouveau 13 secteurs pav\u00e9s, dont certains ont \u00e9galement \u00e9t\u00e9 abord\u00e9s lors de Paris-Roubaix. Apr\u00e8s une premi\u00e8re partie plus tranquille, compos\u00e9e d&rsquo;une ligne droite et de deux tours d&rsquo;un circuit de 27,1 kilom\u00e8tres, la seconde moiti\u00e9 de la course verra les coureurs parcourir un total de 22,9 kilom\u00e8tres sur des pav\u00e9s qui pourraient offrir une certaine s\u00e9lection avant la ligne d&rsquo;arriv\u00e9e, <a href=\"https:\/\/cyclingpro.net\/spaziociclismo\/sintesi-gare\/gp-denain-2025-splendida-vittoria-per-il-19enne-matthew-brennan\/\">o\u00f9 le jeune Britannique Matthew Brennan<\/a> s&rsquo;est impos\u00e9 cette ann\u00e9e.<\/p>\n<h2>Altitude et profil GP Denain 2026<\/h2>\n<p>.<br \/>\n\n","protected":false},"excerpt":{"rendered":"<p>Le GP Denain 2026 confirme un Parcours tr\u00e8s similaire \u00e0 celui de l&rsquo;\u00e9dition 2025. Programm\u00e9e le jeudi 19 mars, la course transalpine se d\u00e9roulera comme toujours autour de la ville qui lui donne son nom, proposant pour cette 67\u00e8me \u00e9dition un parcours de 200,4 kilom\u00e8tres qui comportera \u00e0 nouveau 13 secteurs pav\u00e9s, dont certains ont &hellip;<\/p>\n","protected":false},"author":20,"featured_media":163357,"comment_status":"open","ping_status":"open","sticky":false,"template":"","format":"standard","meta":{"footnotes":""},"categories":[3],"tags":[],"class_list":["post-163358","post","type-post","status-publish","format-standard","has-post-thumbnail","hentry","category-autre"],"_links":{"self":[{"href":"https:\/\/cyclingpro.net\/velopro\/wp-json\/wp\/v2\/posts\/163358","targetHints":{"allow":["GET"]}}],"collection":[{"href":"https:\/\/cyclingpro.net\/velopro\/wp-json\/wp\/v2\/posts"}],"about":[{"href":"https:\/\/cyclingpro.net\/velopro\/wp-json\/wp\/v2\/types\/post"}],"author":[{"embeddable":true,"href":"https:\/\/cyclingpro.net\/velopro\/wp-json\/wp\/v2\/users\/20"}],"replies":[{"embeddable":true,"href":"https:\/\/cyclingpro.net\/velopro\/wp-json\/wp\/v2\/comments?post=163358"}],"version-history":[{"count":0,"href":"https:\/\/cyclingpro.net\/velopro\/wp-json\/wp\/v2\/posts\/163358\/revisions"}],"wp:featuredmedia":[{"embeddable":true,"href":"https:\/\/cyclingpro.net\/velopro\/wp-json\/wp\/v2\/media\/163357"}],"wp:attachment":[{"href":"https:\/\/cyclingpro.net\/velopro\/wp-json\/wp\/v2\/media?parent=163358"}],"wp:term":[{"taxonomy":"category","embeddable":true,"href":"https:\/\/cyclingpro.net\/velopro\/wp-json\/wp\/v2\/categories?post=163358"},{"taxonomy":"post_tag","embeddable":true,"href":"https:\/\/cyclingpro.net\/velopro\/wp-json\/wp\/v2\/tags?post=163358"}],"curies":[{"name":"wp","href":"https:\/\/api.w.org\/{rel}","templated":true}]}}