{"id":163350,"date":"2025-12-13T11:10:52","date_gmt":"2025-12-13T10:10:52","guid":{"rendered":"https:\/\/cyclingpro.net\/velopro\/uncategorized\/cofidis-ludovic-robeet-poursuit-sa-convalescence-apres-un-accident-vasculaire-cerebral-jaimerais-retrouver-les-sensations-que-javais-avant-meme-si-je-pense-que-ce-ne-sera-pas-facile\/"},"modified":"2025-12-13T11:10:52","modified_gmt":"2025-12-13T10:10:52","slug":"cofidis-ludovic-robeet-poursuit-sa-convalescence-apres-un-accident-vasculaire-cerebral-jaimerais-retrouver-les-sensations-que-javais-avant-meme-si-je-pense-que-ce-ne-sera-pas-facile","status":"publish","type":"post","link":"https:\/\/cyclingpro.net\/velopro\/autre\/cofidis-ludovic-robeet-poursuit-sa-convalescence-apres-un-accident-vasculaire-cerebral-jaimerais-retrouver-les-sensations-que-javais-avant-meme-si-je-pense-que-ce-ne-sera-pas-facile\/","title":{"rendered":"Cofidis, Ludovic Robeet poursuit sa convalescence apr\u00e8s un accident vasculaire c\u00e9r\u00e9bral : \u00ab\u00a0J&rsquo;aimerais retrouver les sensations que j&rsquo;avais avant, m\u00eame si je pense que ce ne sera pas facile\u00a0\u00bb."},"content":{"rendered":"<p><strong>Ludovic Robeet<\/strong> en convalescence apr\u00e8s une grosse frayeur. D\u00e9but septembre, le coureur belge <a href=\"https:\/\/cyclingpro.net\/spaziociclismo\/worldtour\/cofidis-ludovic-robeet-in-ospedale-dopo-essere-stato-colpito-da-un-ictus-le-notizie-sul-suo-stato-di-salute-sono-positive-e-incoraggianti\/\">avait \u00e9t\u00e9 victime d&rsquo;un accident vasculaire c\u00e9r\u00e9bral<\/a> peu avant de s&rsquo;envoler pour le Canada afin de participer aux Grands Prix Cycliste de Qu\u00e9bec et de Montr\u00e9al et \u00e9tait rest\u00e9 longtemps \u00e0 l&rsquo;h\u00f4pital avant de pouvoir rentrer chez lui et commencer sa convalescence. Ces derni\u00e8res semaines, le coureur de <strong>Cofidis<\/strong>, \u00e2g\u00e9 de 31 ans, avait d\u00e9j\u00e0 partag\u00e9 sur ses comptes de m\u00e9dias sociaux un r\u00e9sum\u00e9 de ce qu&rsquo;il avait travers\u00e9 au cours des deux mois pr\u00e9c\u00e9dents, <a href=\"https:\/\/cyclingpro.net\/spaziociclismo\/worldtour\/cofidis-ludovic-robeet-sta-recuperando-dopo-lictus-che-lo-ha-colpito-due-mesi-fa-sono-uscito-di-nuovo-in-bici-e-stato-bello\/\">montrant la p\u00e9riode d&rsquo;hospitalisation mais aussi qu&rsquo;il \u00e9tait d\u00e9j\u00e0 de retour sur son v\u00e9lo<\/a>, et maintenant, dans une interview avec <a href=\"https:\/\/www.rtbf.be\/article\/ludovic-robeet-se-confie-apres-son-avc-je-suis-content-de-pouvoir-etre-debout-et-de-pouvoir-marcher-11647002\"><em>RTBF<\/em><\/a>, il a parl\u00e9 du travail et des progr\u00e8s qu&rsquo;il fait pour pouvoir redevenir un cycliste \u00e0 plein temps.<\/p>\n<p>Robeet, qui est \u00e9galement devenu p\u00e8re entre-temps, a commenc\u00e9 par raconter l&rsquo;\u00e9pisode de l&rsquo;accident vasculaire c\u00e9r\u00e9bral, qui s&rsquo;est produit dans la nuit du 8 septembre : \u00ab\u00a0<strong>Vers 3 heures du matin, je me suis r\u00e9veill\u00e9 avec une sensation de picotement. La moiti\u00e9 de mon corps \u00e9tait paralys\u00e9e<\/strong>. Ma compagne, qui \u00e9tait enceinte \u00e0 l&rsquo;\u00e9poque, \u00e9tait en bas. J&rsquo;ai essay\u00e9 de l&rsquo;appeler sur mon portable, mais son t\u00e9l\u00e9phone \u00e9tait en mode silencieux. <J'ai r\u00e9ussi \u00e0 me tra\u00eener dans les escaliers, mais je ne pouvais plus faire de bruit<\/strong>. J&rsquo;ai r\u00e9ussi \u00e0 la joindre et elle a imm\u00e9diatement appel\u00e9 les urgences.<\/p>\n<p>S&rsquo;ensuit une hospitalisation d&rsquo;un mois, puis une r\u00e9\u00e9ducation, avec des difficult\u00e9s initiales \u00e9videntes : \u00ab\u00a0<strong>Au d\u00e9but, j&rsquo;avais des vertiges, des maux de t\u00eate, des probl\u00e8mes d&rsquo;\u00e9quilibre<\/strong>. Pour faire deux pas aux toilettes, je devais me tenir. Aujourd&rsquo;hui, j&rsquo;ai retrouv\u00e9 la capacit\u00e9 de marcher. <Je fais \u00e0 nouveau du v\u00e9lo, mais j'ai encore des probl\u00e8mes quand je tourne la t\u00eate<\/strong>. Jour apr\u00e8s jour, les choses s&rsquo;am\u00e9liorent, c&rsquo;est une bonne chose.<\/p>\n<p>Bien qu&rsquo;il aille mieux, le jeune homme de 31 ans ne sait pas s&rsquo;il y aura des cons\u00e9quences neurologiques : \u00ab\u00a0Quand vous avez des probl\u00e8mes neurologiques, c&rsquo;est toujours difficile \u00e0 dire<\/strong>. M\u00eame les neurologues ne sont pas en mesure de me donner une image pr\u00e9cise. C&rsquo;est un cas \u00e0 part et donc <strong>nous devrons voir comment cela \u00e9volue avec le temps<\/strong>. Mais d&rsquo;ores et d\u00e9j\u00e0, je suis vraiment content de mon \u00e9tat<\/strong>, de pouvoir me tenir debout, de pouvoir marcher, de pouvoir remonter sur le v\u00e9lo. Je suis d\u00e9j\u00e0 heureux, et nous verrons comment la situation \u00e9voluera par la suite.<\/p>\n<p>En attendant, le Belge a repris un bon entra\u00eenement : \u00ab\u00a0<strong>J&rsquo;en suis \u00e0 trois heures, ce qui est le maximum, donc ce n&rsquo;est pas mal. C&rsquo;est tr\u00e8s fatigant car il faut tout r\u00e9apprendre<\/strong>. Cela me demande une grande concentration pour ne pas d\u00e9vier de la trajectoire. Sur la route, il faut faire attention \u00e0 tout. J&rsquo;essaie de travailler aussi dur que possible pour revenir \u00e0 mon meilleur niveau. Mais pour l&rsquo;instant, il n&rsquo;a pas encore r\u00e9ussi \u00e0 retrouver les sensations qu&rsquo;il avait avant l&rsquo;AVC : \u00ab\u00a0Je ne suis pas du tout serein. <strong>Si je vois une voiture arriver un peu trop vite ou quelque chose comme \u00e7a, j&rsquo;ai tendance \u00e0 freiner, alors qu&rsquo;avant j&rsquo;aurais doubl\u00e9<\/strong>. J&rsquo;ai d\u00e9j\u00e0 r\u00e9essay\u00e9 de rouler en groupe. Et maintenant, quand je suis dans le sillage, je suis le premier \u00e0 freiner. Je prends les virages beaucoup moins vite qu&rsquo;avant. <strong>Mais j&rsquo;esp\u00e8re pouvoir g\u00e9rer cela et revenir \u00e0 ce que j&rsquo;\u00e9tais avant, voire mieux<\/strong>\u00ab\u00a0.<\/p>\n<p>L&rsquo;\u00e9quipe, avec laquelle il est sous contrat jusqu&rsquo;\u00e0 fin 2027, ne lui met en tout cas pas la pression et lui a dit de prendre son temps pour r\u00e9cup\u00e9rer et revenir \u00e0 son niveau : \u00ab\u00a0C&rsquo;est moi qui me mets la pression. <J'aimerais retrouver les sensations que j'avais avant, m\u00eame si je pense que ce ne sera pas facile<\/strong>. J&rsquo;aimerais apprendre \u00e0 vivre avec ce qui s&rsquo;est pass\u00e9 et continuer \u00e0 grandir\u00a0\u00bb, a conclu Robeet.<\/p>\n","protected":false},"excerpt":{"rendered":"<p>Ludovic Robeet en convalescence apr\u00e8s une grosse frayeur. D\u00e9but septembre, le coureur belge avait \u00e9t\u00e9 victime d&rsquo;un accident vasculaire c\u00e9r\u00e9bral peu avant de s&rsquo;envoler pour le Canada afin de participer aux Grands Prix Cycliste de Qu\u00e9bec et de Montr\u00e9al et \u00e9tait rest\u00e9 longtemps \u00e0 l&rsquo;h\u00f4pital avant de pouvoir rentrer chez lui et commencer sa convalescence. &hellip;<\/p>\n","protected":false},"author":20,"featured_media":163349,"comment_status":"open","ping_status":"open","sticky":false,"template":"","format":"standard","meta":{"footnotes":""},"categories":[3],"tags":[],"class_list":["post-163350","post","type-post","status-publish","format-standard","has-post-thumbnail","hentry","category-autre"],"_links":{"self":[{"href":"https:\/\/cyclingpro.net\/velopro\/wp-json\/wp\/v2\/posts\/163350","targetHints":{"allow":["GET"]}}],"collection":[{"href":"https:\/\/cyclingpro.net\/velopro\/wp-json\/wp\/v2\/posts"}],"about":[{"href":"https:\/\/cyclingpro.net\/velopro\/wp-json\/wp\/v2\/types\/post"}],"author":[{"embeddable":true,"href":"https:\/\/cyclingpro.net\/velopro\/wp-json\/wp\/v2\/users\/20"}],"replies":[{"embeddable":true,"href":"https:\/\/cyclingpro.net\/velopro\/wp-json\/wp\/v2\/comments?post=163350"}],"version-history":[{"count":0,"href":"https:\/\/cyclingpro.net\/velopro\/wp-json\/wp\/v2\/posts\/163350\/revisions"}],"wp:featuredmedia":[{"embeddable":true,"href":"https:\/\/cyclingpro.net\/velopro\/wp-json\/wp\/v2\/media\/163349"}],"wp:attachment":[{"href":"https:\/\/cyclingpro.net\/velopro\/wp-json\/wp\/v2\/media?parent=163350"}],"wp:term":[{"taxonomy":"category","embeddable":true,"href":"https:\/\/cyclingpro.net\/velopro\/wp-json\/wp\/v2\/categories?post=163350"},{"taxonomy":"post_tag","embeddable":true,"href":"https:\/\/cyclingpro.net\/velopro\/wp-json\/wp\/v2\/tags?post=163350"}],"curies":[{"name":"wp","href":"https:\/\/api.w.org\/{rel}","templated":true}]}}