{"id":163348,"date":"2025-12-13T09:59:31","date_gmt":"2025-12-13T08:59:31","guid":{"rendered":"https:\/\/cyclingpro.net\/velopro\/uncategorized\/tour-du-doubs-course-annulee-en-2026-en-raison-de-problemes-financiers-nous-allons-repenser-le-format-de-la-course\/"},"modified":"2025-12-13T09:59:31","modified_gmt":"2025-12-13T08:59:31","slug":"tour-du-doubs-course-annulee-en-2026-en-raison-de-problemes-financiers-nous-allons-repenser-le-format-de-la-course","status":"publish","type":"post","link":"https:\/\/cyclingpro.net\/velopro\/autre\/tour-du-doubs-course-annulee-en-2026-en-raison-de-problemes-financiers-nous-allons-repenser-le-format-de-la-course\/","title":{"rendered":"Tour du Doubs, course annul\u00e9e en 2026 en raison de probl\u00e8mes financiers : \u00a0\u00bb Nous allons repenser le format de la course \u00ab\u00a0."},"content":{"rendered":"<p>Le <strong>Tour du Doubs 2026<\/strong> n&rsquo;aura pas lieu. La course fran\u00e7aise d&rsquo;un jour (cat\u00e9gorie 1.1), qui \u00e9tait inscrite au calendrier de l&rsquo;UCI \u00e0 la date du 19 avril 2026, n&rsquo;aura pas lieu, du moins pas l&rsquo;ann\u00e9e prochaine. C&rsquo;est ce qu&rsquo;a annonc\u00e9 le VC Morteau-Montbenoit, le club cycliste organisateur de l&rsquo;\u00e9preuve, \u00e0 l&rsquo;issue de son assembl\u00e9e g\u00e9n\u00e9rale du vendredi 12 d\u00e9cembre. La motivation est strictement \u00e9conomique : le r\u00e9sultat financier approuv\u00e9 pour 2025 est n\u00e9gatif et a contraint les organisateurs \u00e0 faire des choix drastiques, comme l&rsquo;<strong>annulation du Tour du Doubs 2026<\/strong>. La course \u00e9tait d&rsquo;ailleurs inscrite au calendrier de la Coupe de France, qui sera rebaptis\u00e9e FDJ United Series \u00e0 partir de l&rsquo;ann\u00e9e prochaine.<\/p>\n<p>Dans un communiqu\u00e9 de presse diffus\u00e9 par le VC Morteau-Montbenoit, le pr\u00e9sident du club <strong>Jean-Fran\u00e7ois Ducrot<\/strong> pr\u00e9cise : \u00ab\u00a0Il s&rsquo;agit d&rsquo;une d\u00e9cision responsable et prudente. Le club va engager un travail de fond pour repenser le format de la course et imaginer une \u00e9dition r\u00e9nov\u00e9e, dans le respect de l&rsquo;histoire de la course et de l&rsquo;attachement du territoire \u00e0 cet \u00e9v\u00e9nement embl\u00e9matique. D&rsquo;autre part, le club utilisera ses ressources \u00e9conomiques sur autre chose : \u00a0\u00bb Nous allons concentrer nos moyens sur la pr\u00e9servation et le d\u00e9veloppement de notre \u00e9quipe f\u00e9minine de N1. Cette ann\u00e9e, le <a href=\"https:\/\/cyclingpro.net\/spaziociclismo\/sintesi-gare\/tour-du-doubs-2025-matteo-vercher-trova-il-primo-successo-in-carriera\/\" target=\"_blank\" rel=\"noopener\"><strong>Tour du Doubs <\/strong>a \u00e9t\u00e9 remport\u00e9 par <strong>Matt\u00e9o Vercher<\/strong><\/a> (TotalEnergies), qui a sign\u00e9 le premier succ\u00e8s de sa carri\u00e8re.<\/p>\n","protected":false},"excerpt":{"rendered":"<p>Le Tour du Doubs 2026 n&rsquo;aura pas lieu. La course fran\u00e7aise d&rsquo;un jour (cat\u00e9gorie 1.1), qui \u00e9tait inscrite au calendrier de l&rsquo;UCI \u00e0 la date du 19 avril 2026, n&rsquo;aura pas lieu, du moins pas l&rsquo;ann\u00e9e prochaine. C&rsquo;est ce qu&rsquo;a annonc\u00e9 le VC Morteau-Montbenoit, le club cycliste organisateur de l&rsquo;\u00e9preuve, \u00e0 l&rsquo;issue de son assembl\u00e9e &hellip;<\/p>\n","protected":false},"author":20,"featured_media":163347,"comment_status":"open","ping_status":"open","sticky":false,"template":"","format":"standard","meta":{"footnotes":""},"categories":[3],"tags":[],"class_list":["post-163348","post","type-post","status-publish","format-standard","has-post-thumbnail","hentry","category-autre"],"_links":{"self":[{"href":"https:\/\/cyclingpro.net\/velopro\/wp-json\/wp\/v2\/posts\/163348","targetHints":{"allow":["GET"]}}],"collection":[{"href":"https:\/\/cyclingpro.net\/velopro\/wp-json\/wp\/v2\/posts"}],"about":[{"href":"https:\/\/cyclingpro.net\/velopro\/wp-json\/wp\/v2\/types\/post"}],"author":[{"embeddable":true,"href":"https:\/\/cyclingpro.net\/velopro\/wp-json\/wp\/v2\/users\/20"}],"replies":[{"embeddable":true,"href":"https:\/\/cyclingpro.net\/velopro\/wp-json\/wp\/v2\/comments?post=163348"}],"version-history":[{"count":0,"href":"https:\/\/cyclingpro.net\/velopro\/wp-json\/wp\/v2\/posts\/163348\/revisions"}],"wp:featuredmedia":[{"embeddable":true,"href":"https:\/\/cyclingpro.net\/velopro\/wp-json\/wp\/v2\/media\/163347"}],"wp:attachment":[{"href":"https:\/\/cyclingpro.net\/velopro\/wp-json\/wp\/v2\/media?parent=163348"}],"wp:term":[{"taxonomy":"category","embeddable":true,"href":"https:\/\/cyclingpro.net\/velopro\/wp-json\/wp\/v2\/categories?post=163348"},{"taxonomy":"post_tag","embeddable":true,"href":"https:\/\/cyclingpro.net\/velopro\/wp-json\/wp\/v2\/tags?post=163348"}],"curies":[{"name":"wp","href":"https:\/\/api.w.org\/{rel}","templated":true}]}}