{"id":163340,"date":"2025-12-13T08:00:04","date_gmt":"2025-12-13T07:00:04","guid":{"rendered":"https:\/\/cyclingpro.net\/velopro\/uncategorized\/il-y-a-un-an-uae-team-emirates-joao-almeida-choisit-la-meme-gt-que-tadej-pogacar-je-serai-a-ses-cotes-inconditionnellement-mais-cela-peut-aussi-etre-bon-pour-moi\/"},"modified":"2025-12-13T08:00:04","modified_gmt":"2025-12-13T07:00:04","slug":"il-y-a-un-an-uae-team-emirates-joao-almeida-choisit-la-meme-gt-que-tadej-pogacar-je-serai-a-ses-cotes-inconditionnellement-mais-cela-peut-aussi-etre-bon-pour-moi","status":"publish","type":"post","link":"https:\/\/cyclingpro.net\/velopro\/autre\/il-y-a-un-an-uae-team-emirates-joao-almeida-choisit-la-meme-gt-que-tadej-pogacar-je-serai-a-ses-cotes-inconditionnellement-mais-cela-peut-aussi-etre-bon-pour-moi\/","title":{"rendered":"Il y a un an&#8230; UAE Team Emirates, Joao Almeida choisit la m\u00eame GT que Tadej Pogacar : \u00ab\u00a0Je serai \u00e0 ses c\u00f4t\u00e9s inconditionnellement, mais cela peut aussi \u00eatre bon pour moi\u00a0\u00bb"},"content":{"rendered":"<p><strong>Jao Almeida<\/strong> est pr\u00eat \u00e0 se sacrifier pour <strong>Tadej Pogacar<\/strong>, mais cela ne signifie pas que le Portugais n&rsquo;a pas de grandes ambitions pour lui-m\u00eame \u00e9galement. Comme d\u00e9montr\u00e9 lors du dernier <strong>Tour de France<\/strong>, termin\u00e9 en quatri\u00e8me position bien qu&rsquo;ayant \u00e9t\u00e9 un soutien pr\u00e9cieux pour le Slov\u00e8ne, \u00eatre le dernier homme de la Maillot Jaune lui a tout de m\u00eame permis de se battre pour les premi\u00e8res places, se r\u00e9v\u00e9lant \u00eatre le meilleur derri\u00e8re le trio de dominateurs. Certes, il n&rsquo;est pas mont\u00e9 sur le podium comme son co\u00e9quipier <strong>Adam Yates<\/strong> l&rsquo;ann\u00e9e pr\u00e9c\u00e9dente, mais cela a confirm\u00e9 que c&rsquo;\u00e9tait une possibilit\u00e9 r\u00e9elle et lui a donn\u00e9 l&rsquo;envie de retenter sa chance pour 2025. D&rsquo;o\u00f9 la d\u00e9cision de ne pas courir le Giro d&rsquo;Italia, en se concentrant sur le fait d&rsquo;\u00eatre \u00e0 son meilleur niveau lors de la Grande Boucle.<\/p>\n<p>\u00ab\u00a0Bien s\u00fbr, j&rsquo;ai pens\u00e9 au Giro, mais plus j&rsquo;y r\u00e9fl\u00e9chissais, plus je me rendais compte que je pr\u00e9f\u00e9rais courir \u00e0 nouveau le Tour. J&rsquo;ai d\u00e9j\u00e0 fait le Giro et la Vuelta plusieurs fois, donc <strong>je pr\u00e9f\u00e8re faire le Tour une deuxi\u00e8me fois, dans ma meilleure forme, et apr\u00e8s je verrai ce que je peux faire<\/strong>\u00ab\u00a0, a-t-il expliqu\u00e9 \u00e0 <a href=\"https:\/\/www.radsport-news.com\/sport\/sportnews_140202.htm\"><em>radsport-news.com<\/em><\/a> sans donc craindre de devoir ensuite travailler pour le champion du monde dans la course transalpine&#8230;. puis peut-\u00eatre m\u00eame \u00e0 la <strong>Vuelta a Espa\u00f1a<\/strong> quelques semaines plus tard (une d\u00e9cision qui n&rsquo;a pas encore \u00e9t\u00e9 prise, mais qui semble tr\u00e8s probable \u00e0 l&rsquo;heure actuelle).<\/p>\n<p>Le Lusitanien de 27 ans veut mettre toutes les chances de son c\u00f4t\u00e9 pour le Tour, m\u00eame si cela ne signifie \u00e9videmment pas \u00e9conomiser sa jambe par rapport au travail \u00e0 effectuer pour Pogacar. \u00ab\u00a0Je dirais que ma meilleure performance a \u00e9t\u00e9 au Tour de Suisse\u00a0\u00bb, explique-t-il en r\u00e9f\u00e9rence \u00e0 la saison qui s&rsquo;est achev\u00e9e, \u00ab\u00a0Ensuite, j&rsquo;ai \u00e9t\u00e9 un peu malade et je ne me suis pas senti \u00e0 100 pour cent au Tour, mais j&rsquo;\u00e9tais encore assez bien [&#8230;] <strong>M\u00eame si<\/strong> <strong>je serai au Tour pour soutenir Tadej, et je le ferai inconditionnellement, cela peut quand m\u00eame \u00eatre bon pour moi<\/strong>.<\/p>\n","protected":false},"excerpt":{"rendered":"<p>Jao Almeida est pr\u00eat \u00e0 se sacrifier pour Tadej Pogacar, mais cela ne signifie pas que le Portugais n&rsquo;a pas de grandes ambitions pour lui-m\u00eame \u00e9galement. Comme d\u00e9montr\u00e9 lors du dernier Tour de France, termin\u00e9 en quatri\u00e8me position bien qu&rsquo;ayant \u00e9t\u00e9 un soutien pr\u00e9cieux pour le Slov\u00e8ne, \u00eatre le dernier homme de la Maillot Jaune &hellip;<\/p>\n","protected":false},"author":20,"featured_media":163339,"comment_status":"open","ping_status":"open","sticky":false,"template":"","format":"standard","meta":{"footnotes":""},"categories":[3],"tags":[],"class_list":["post-163340","post","type-post","status-publish","format-standard","has-post-thumbnail","hentry","category-autre"],"_links":{"self":[{"href":"https:\/\/cyclingpro.net\/velopro\/wp-json\/wp\/v2\/posts\/163340","targetHints":{"allow":["GET"]}}],"collection":[{"href":"https:\/\/cyclingpro.net\/velopro\/wp-json\/wp\/v2\/posts"}],"about":[{"href":"https:\/\/cyclingpro.net\/velopro\/wp-json\/wp\/v2\/types\/post"}],"author":[{"embeddable":true,"href":"https:\/\/cyclingpro.net\/velopro\/wp-json\/wp\/v2\/users\/20"}],"replies":[{"embeddable":true,"href":"https:\/\/cyclingpro.net\/velopro\/wp-json\/wp\/v2\/comments?post=163340"}],"version-history":[{"count":0,"href":"https:\/\/cyclingpro.net\/velopro\/wp-json\/wp\/v2\/posts\/163340\/revisions"}],"wp:featuredmedia":[{"embeddable":true,"href":"https:\/\/cyclingpro.net\/velopro\/wp-json\/wp\/v2\/media\/163339"}],"wp:attachment":[{"href":"https:\/\/cyclingpro.net\/velopro\/wp-json\/wp\/v2\/media?parent=163340"}],"wp:term":[{"taxonomy":"category","embeddable":true,"href":"https:\/\/cyclingpro.net\/velopro\/wp-json\/wp\/v2\/categories?post=163340"},{"taxonomy":"post_tag","embeddable":true,"href":"https:\/\/cyclingpro.net\/velopro\/wp-json\/wp\/v2\/tags?post=163340"}],"curies":[{"name":"wp","href":"https:\/\/api.w.org\/{rel}","templated":true}]}}