{"id":163334,"date":"2025-12-12T17:12:20","date_gmt":"2025-12-12T16:12:20","guid":{"rendered":"https:\/\/cyclingpro.net\/velopro\/uncategorized\/lidl-trek-le-programme-complet-de-juan-ayuso-devoile-je-sais-quil-y-a-encore-un-fosse-entre-moi-et-tadej-pogacar\/"},"modified":"2025-12-12T17:12:20","modified_gmt":"2025-12-12T16:12:20","slug":"lidl-trek-le-programme-complet-de-juan-ayuso-devoile-je-sais-quil-y-a-encore-un-fosse-entre-moi-et-tadej-pogacar","status":"publish","type":"post","link":"https:\/\/cyclingpro.net\/velopro\/autre\/lidl-trek-le-programme-complet-de-juan-ayuso-devoile-je-sais-quil-y-a-encore-un-fosse-entre-moi-et-tadej-pogacar\/","title":{"rendered":"Lidl-Trek, le programme complet de Juan Ayuso d\u00e9voil\u00e9 : \u00ab\u00a0Je sais qu&rsquo;il y a encore un foss\u00e9 entre moi et Tadej Pogacar\u00a0\u00bb."},"content":{"rendered":"<p>Pr\u00eat le calendrier 2026 de <strong>Juan Ayuso<\/strong>, pour sa premi\u00e8re saison avec <strong>Lidl &#8211; Trek<\/strong>. Pass\u00e9 \u00e0 la formation allemande pour \u00eatre le premier choix de l&rsquo;\u00e9quipe, l&rsquo;Espagnol sera l&rsquo;homme de r\u00e9f\u00e9rence du <strong>Tour de France<\/strong> en ce qui concerne le classement g\u00e9n\u00e9ral, sans cacher de grandes ambitions, qu&rsquo;il esp\u00e8re pouvoir concr\u00e9tiser par une place sur le podium final, lui qui en 2022 a gravi la <strong>Vuelta a Espa\u00f1a<\/strong> pour sa toute premi\u00e8re apparition dans un GT, alors qu&rsquo;il n&rsquo;avait pas encore 20 ans.<\/p>\n<p>Sa saison s&rsquo;articulera donc essentiellement autour du Grand Tour de France, avec une approche classique compos\u00e9e presque exclusivement de courses \u00e0 \u00e9tapes. Elle d\u00e9butera donc par la <strong>Volta ao Algarve<\/strong>, suivie de <strong>Paris-Nice<\/strong> et du <strong>Tour du Pays Basque<\/strong>. Interm\u00e8des classiques avec la participation \u00e0 la <strong>Fl\u00e8che Wallonne<\/strong> et \u00e0 la <strong>Li\u00e8ge &#8211; Bastogne &#8211; Li\u00e8ge<\/strong>, avant une pause qui sera interrompue par la participation au <strong>Tour Auvergne &#8211; Rh\u00f4ne-Alpes<\/strong>, nouveau nom officiel du <strong>Delfinette Tour<\/strong>, \u00e9preuve finale classique avant la Grande Boucle.<\/p>\n<p>De mani\u00e8re r\u00e9aliste, <strong>je sais qu&rsquo;il y a encore un \u00e9cart entre moi et Tadej Pogacar en 2026<\/strong>\u00ab\u00a0, a admis le coureur ib\u00e9rique lors de la pr\u00e9sentation de l&rsquo;\u00e9quipe qui s&rsquo;est tenue aujourd&rsquo;hui, \u00ab\u00a0nous visons donc le podium, m\u00eame si nous ne pouvons pas encore savoir \u00e0 quel point cet objectif est r\u00e9aliste [&#8230;] <strong>participer au Tour avec Mads Pedersen est un avantage<\/strong> pour moi, car cela me permet de partager le r\u00f4le de capitaine. De mon point de vue, Mads est le capitaine et je pense que nous nous comprendrons, que nous nous aiderons mutuellement, et j&rsquo;ai h\u00e2te d&rsquo;y \u00eatre. Je pense que gagner le Tour n&rsquo;est pas vraiment r\u00e9aliste, m\u00eame si je ne veux pas utiliser ce mot, mais je pense que nous devons aussi comprendre o\u00f9 nous en sommes.<\/p>\n","protected":false},"excerpt":{"rendered":"<p>Pr\u00eat le calendrier 2026 de Juan Ayuso, pour sa premi\u00e8re saison avec Lidl &#8211; Trek. Pass\u00e9 \u00e0 la formation allemande pour \u00eatre le premier choix de l&rsquo;\u00e9quipe, l&rsquo;Espagnol sera l&rsquo;homme de r\u00e9f\u00e9rence du Tour de France en ce qui concerne le classement g\u00e9n\u00e9ral, sans cacher de grandes ambitions, qu&rsquo;il esp\u00e8re pouvoir concr\u00e9tiser par une place &hellip;<\/p>\n","protected":false},"author":20,"featured_media":163333,"comment_status":"open","ping_status":"open","sticky":false,"template":"","format":"standard","meta":{"footnotes":""},"categories":[3],"tags":[],"class_list":["post-163334","post","type-post","status-publish","format-standard","has-post-thumbnail","hentry","category-autre"],"_links":{"self":[{"href":"https:\/\/cyclingpro.net\/velopro\/wp-json\/wp\/v2\/posts\/163334","targetHints":{"allow":["GET"]}}],"collection":[{"href":"https:\/\/cyclingpro.net\/velopro\/wp-json\/wp\/v2\/posts"}],"about":[{"href":"https:\/\/cyclingpro.net\/velopro\/wp-json\/wp\/v2\/types\/post"}],"author":[{"embeddable":true,"href":"https:\/\/cyclingpro.net\/velopro\/wp-json\/wp\/v2\/users\/20"}],"replies":[{"embeddable":true,"href":"https:\/\/cyclingpro.net\/velopro\/wp-json\/wp\/v2\/comments?post=163334"}],"version-history":[{"count":0,"href":"https:\/\/cyclingpro.net\/velopro\/wp-json\/wp\/v2\/posts\/163334\/revisions"}],"wp:featuredmedia":[{"embeddable":true,"href":"https:\/\/cyclingpro.net\/velopro\/wp-json\/wp\/v2\/media\/163333"}],"wp:attachment":[{"href":"https:\/\/cyclingpro.net\/velopro\/wp-json\/wp\/v2\/media?parent=163334"}],"wp:term":[{"taxonomy":"category","embeddable":true,"href":"https:\/\/cyclingpro.net\/velopro\/wp-json\/wp\/v2\/categories?post=163334"},{"taxonomy":"post_tag","embeddable":true,"href":"https:\/\/cyclingpro.net\/velopro\/wp-json\/wp\/v2\/tags?post=163334"}],"curies":[{"name":"wp","href":"https:\/\/api.w.org\/{rel}","templated":true}]}}