{"id":163328,"date":"2025-12-12T14:46:10","date_gmt":"2025-12-12T13:46:10","guid":{"rendered":"https:\/\/cyclingpro.net\/velopro\/uncategorized\/movistar-enric-mas-vers-le-giro-ditalia-2026-je-veux-faire-une-pause-avec-la-france\/"},"modified":"2025-12-12T14:46:10","modified_gmt":"2025-12-12T13:46:10","slug":"movistar-enric-mas-vers-le-giro-ditalia-2026-je-veux-faire-une-pause-avec-la-france","status":"publish","type":"post","link":"https:\/\/cyclingpro.net\/velopro\/autre\/movistar-enric-mas-vers-le-giro-ditalia-2026-je-veux-faire-une-pause-avec-la-france\/","title":{"rendered":"Movistar, Enric Mas vers le Giro d&rsquo;Italia 2026 : \u00a0\u00bb Je veux faire une pause avec la France \u00ab\u00a0."},"content":{"rendered":"<p><strong>Enric Mas<\/strong> semble vouloir confirmer sa pr\u00e9sence au <strong>Giro d&rsquo;Italia 2026<\/strong>. Lors de la pr\u00e9sentation officielle de la <a href=\"https:\/\/cyclingpro.net\/spaziociclismo\/worldtour\/movistar-le-speranze-di-eusebio-unzue-entriamo-in-una-fase-di-rinnovamento-e-di-ambizioni-aiuteremo-uijtdebroeks-a-diventare-il-capitano-che-ci-aspettiamo\/\" target=\"_blank\" rel=\"noopener\"><strong>Movistar<\/strong><\/a>, la formation espagnole a annonc\u00e9 le programme de ses capitaines pour les grands tours. De mani\u00e8re assez surprenante, le choix a \u00e9t\u00e9 d&rsquo;envoyer <a href=\"https:\/\/cyclingpro.net\/spaziociclismo\/worldtour\/movistar-radicale-cambio-di-scenario-sara-cian-uijtdebroeks-il-capitano-al-tour-de-france-2026-possibili-giro-e-vuelta-per-enric-mas\/\" target=\"_blank\" rel=\"noopener\"><strong>Cian Uijtdebroeks <\/strong>au <strong>Tour de France 2026<\/strong><\/a>, pour ce qui sera un d\u00e9but absolu dans la course pour le Belge, et l&rsquo;Espagnol probablement au <strong>Giro d&rsquo;Italia et \u00e0 la Vuelta a Espa\u00f1a, \u00e9galement en fonction de la mani\u00e8re dont il se remettra de l&rsquo;\u00e9preuve de <a href=\"https:\/\/cyclingpro.net\/spaziociclismo\/worldtour\/movistar-niente-vuelta-per-enric-mas-sa-saison-ferme-quitte-\u00e0-cause-d'une-thrombophl\u00e9bite-\u00e0-la-gauche\/\" target=\"_blank\" rel=\"noopener\">blessure subie cette saison<\/a>, une thrombophl\u00e9bite \u00e0 la jambe gauche qui l&rsquo;a contraint \u00e0 manquer toute la deuxi\u00e8me moiti\u00e9 du calendrier.<\/p>\n<p><a href=\"https:\/\/www.marca.com\/ciclismo\/2025\/12\/12\/enric-lider-cambia-me-veo-obligacion-probar-cosas-nuevas.html\" target=\"_blank\" rel=\"noopener\">Dans une interview accord\u00e9e \u00e0 <em>MARCA<\/em><\/a>, la promotion 95 a expliqu\u00e9 la d\u00e9cision partag\u00e9e de ne pas inscrire le <strong>Tour de France 2026<\/strong> \u00e0 son calendrier de courses, ou plut\u00f4t de renoncer substantiellement \u00e0 toutes les comp\u00e9titions transalpines : \u00ab\u00a0<strong>Je veux faire une pause de quelques ann\u00e9es ou de quelques mois, disons-le<\/strong>, par rapport \u00e0 la France. Ensuite, on d\u00e9cidera. <strong>Je me sens oblig\u00e9 d&rsquo;essayer de nouvelles choses<\/strong>, des choses que j&rsquo;ai envie de faire depuis de nombreuses ann\u00e9es mais que je n&rsquo;ai jamais essay\u00e9es. <strong>J&rsquo;aime le Parcours du Giro 2026, je l&rsquo;aime beaucoup<\/strong>. Je ne ressens pas de pression \u00e0 cause de l&rsquo;arriv\u00e9e d&rsquo;Uijtdebroeks, l&rsquo;\u00e9quipe s&rsquo;est beaucoup renforc\u00e9e. Outre Cian, de tr\u00e8s bons coureurs sont arriv\u00e9s, notamment des Espagnols.\u00a0\u00bb<\/p>\n<p>Jusqu&rsquo;\u00e0 pr\u00e9sent, dans sa carri\u00e8re, l&rsquo;Espagnol a couru sept fois le<strong>Tour de France<\/strong>, auquel il n&rsquo;a jamais renonc\u00e9 de 2019 \u00e0 2025. Au <strong>Giro d&rsquo;Italia<\/strong>, en revanche, il n&rsquo;a pas encore fait ses d\u00e9buts jusqu&rsquo;\u00e0 pr\u00e9sent. En ce qui concerne la r\u00e9cup\u00e9ration de sa blessure, <strong>Enric Mas<\/strong> a toutefois expliqu\u00e9 le calendrier pr\u00e9vu et son \u00e9ventuel retour : \u00ab\u00a0J&rsquo;aimerais pouvoir faire le contre-la-montre du Challenge de Mallorca pour commencer. La r\u00e9cup\u00e9ration se passe bien. C&rsquo;est un long processus, non pas pour courir mais pour revenir \u00e0 mon meilleur niveau. Mais nous avan\u00e7ons pas \u00e0 pas. <Le championnat du monde est \u00e9galement inscrit \u00e0 mon calendrier, mais je devrai \u00eatre \u00e0 100 %<\/strong>.<\/p>\n","protected":false},"excerpt":{"rendered":"<p>Enric Mas semble vouloir confirmer sa pr\u00e9sence au Giro d&rsquo;Italia 2026. Lors de la pr\u00e9sentation officielle de la Movistar, la formation espagnole a annonc\u00e9 le programme de ses capitaines pour les grands tours. De mani\u00e8re assez surprenante, le choix a \u00e9t\u00e9 d&rsquo;envoyer Cian Uijtdebroeks au Tour de France 2026, pour ce qui sera un d\u00e9but &hellip;<\/p>\n","protected":false},"author":20,"featured_media":163327,"comment_status":"open","ping_status":"open","sticky":false,"template":"","format":"standard","meta":{"footnotes":""},"categories":[3],"tags":[],"class_list":["post-163328","post","type-post","status-publish","format-standard","has-post-thumbnail","hentry","category-autre"],"_links":{"self":[{"href":"https:\/\/cyclingpro.net\/velopro\/wp-json\/wp\/v2\/posts\/163328","targetHints":{"allow":["GET"]}}],"collection":[{"href":"https:\/\/cyclingpro.net\/velopro\/wp-json\/wp\/v2\/posts"}],"about":[{"href":"https:\/\/cyclingpro.net\/velopro\/wp-json\/wp\/v2\/types\/post"}],"author":[{"embeddable":true,"href":"https:\/\/cyclingpro.net\/velopro\/wp-json\/wp\/v2\/users\/20"}],"replies":[{"embeddable":true,"href":"https:\/\/cyclingpro.net\/velopro\/wp-json\/wp\/v2\/comments?post=163328"}],"version-history":[{"count":0,"href":"https:\/\/cyclingpro.net\/velopro\/wp-json\/wp\/v2\/posts\/163328\/revisions"}],"wp:featuredmedia":[{"embeddable":true,"href":"https:\/\/cyclingpro.net\/velopro\/wp-json\/wp\/v2\/media\/163327"}],"wp:attachment":[{"href":"https:\/\/cyclingpro.net\/velopro\/wp-json\/wp\/v2\/media?parent=163328"}],"wp:term":[{"taxonomy":"category","embeddable":true,"href":"https:\/\/cyclingpro.net\/velopro\/wp-json\/wp\/v2\/categories?post=163328"},{"taxonomy":"post_tag","embeddable":true,"href":"https:\/\/cyclingpro.net\/velopro\/wp-json\/wp\/v2\/tags?post=163328"}],"curies":[{"name":"wp","href":"https:\/\/api.w.org\/{rel}","templated":true}]}}