{"id":163324,"date":"2025-12-12T14:38:26","date_gmt":"2025-12-12T13:38:26","guid":{"rendered":"https:\/\/cyclingpro.net\/velopro\/uncategorized\/decathlon-cma-cgm-team-paul-seixas-le-tour-les-gens-veulent-que-je-le-court-mais-je-ny-prete-pas-trop-attention\/"},"modified":"2025-12-12T14:38:26","modified_gmt":"2025-12-12T13:38:26","slug":"decathlon-cma-cgm-team-paul-seixas-le-tour-les-gens-veulent-que-je-le-court-mais-je-ny-prete-pas-trop-attention","status":"publish","type":"post","link":"https:\/\/cyclingpro.net\/velopro\/autre\/decathlon-cma-cgm-team-paul-seixas-le-tour-les-gens-veulent-que-je-le-court-mais-je-ny-prete-pas-trop-attention\/","title":{"rendered":"Decathlon CMA CGM Team, Paul Seixas : \u00ab\u00a0Le Tour ? Les gens veulent que je le court, mais je n&rsquo;y pr\u00eate pas trop attention\u00a0\u00bb."},"content":{"rendered":"<p><strong>Paul Seixas<\/strong> pr\u00e9pare son programme pour 2026. Le jeune et talentueux Fran\u00e7ais a surpris tout le monde lors de sa premi\u00e8re saison professionnelle sous le maillot du <strong>Decathlon AG2R La Mondiale<\/strong>, prenant une excellente septi\u00e8me place dans son premier Monumento, le Tour de Lombardie, et une s\u00e9rie d&rsquo;autres r\u00e9sultats importants, notamment une m\u00e9daille de bronze aux Championnats d&rsquo;Europe et une huiti\u00e8me place au classement g\u00e9n\u00e9ral du Tour du Dauphin\u00e9. In\u00e9vitablement, la pression m\u00e9diatique s&rsquo;est accrue sur la classe 2006, cons\u00e9quence des attentes de son \u00e9quipe, et probablement de sa nation, quant \u00e0 sa progression en tant que coureur. Ce n&rsquo;est pas un myst\u00e8re, bien s\u00fbr, que les Fran\u00e7ais esp\u00e8rent renouer avec la victoire sur le Tour de France, un exploit qui n&rsquo;existe plus depuis 1985, lorsque c&rsquo;est <strong>Bernard Hinault<\/strong> qui l&rsquo;avait emport\u00e9.<\/p>\n<p>C&rsquo;est pourquoi la curiosit\u00e9 autour du <a href=\"https:\/\/cyclingpro.net\/spaziociclismo\/worldtour\/decathlon-cma-cgm-paul-seixas-annuncia-il-programma-2026-ardeche-classic-strade-bianche-e-liegi-sono-corse-a-cui-tengo-molto\/\" target=\"_blank\" rel=\"noopener\"><strong>programme de Paul Seixas pour 2026<\/strong><\/a> \u00e9tait si grande. Au d\u00e9but du mois, le jeune talent avait lev\u00e9 ses r\u00e9serves sur la premi\u00e8re partie de sa saison, mais pas sur son \u00e9ventuelle participation \u00e0 un Grand Tour. Apr\u00e8s le stage de f\u00e9vrier, la saison 2026 du Fran\u00e7ais commencera par la Volta ao Algarve, pr\u00e9vue au Portugal du 18 au 26 f\u00e9vrier. Ensuite, le jeune homme de 19 ans participera \u00e0 la Strade Bianche, au Tour du Pays Basque et fera ses d\u00e9buts \u00e0 Li\u00e8ge-Bastogne-Li\u00e8ge, le deuxi\u00e8me Monument de sa carri\u00e8re. Pour l&rsquo;instant, son calendrier s&rsquo;arr\u00eate l\u00e0.<\/p>\n<p>\u00ab\u00a0Nous avons regard\u00e9 les courses \u00e0 \u00e9tapes qui comportaient un contre-la-montre\u00a0\u00bb, a expliqu\u00e9 le coureur dans une interview \u00e0 <em>L&rsquo;Equipe<\/em>. \u00ab\u00a0Pour moi, c&rsquo;est important, car je veux me battre pour le classement g\u00e9n\u00e9ral. Le contre-la-montre est quelque chose dont j&rsquo;ai besoin. <strong>En ce qui concerne la Strade Bianche, on peut penser que c&rsquo;est une course dangereuse, mais il n&rsquo;y a rien qui ne soit pas dangereux dans le cyclisme<\/strong>. Oui, il y a des chutes, mais comme dans toutes les courses. J&rsquo;aime beaucoup la Strade Bianche, je n&rsquo;oublie pas que je viens du cyclocross. J&rsquo;ai couru la Strade Bianche en tant que junior et j&rsquo;ai ador\u00e9. C&rsquo;est une course qui s&rsquo;adapte beaucoup. La Li\u00e8ge sera mon deuxi\u00e8me Monument, j&rsquo;ai demand\u00e9 \u00e0 y participer. Celui-l\u00e0 peut aussi me convenir, il m&rsquo;a fait r\u00eaver. C&rsquo;est important pour moi.<\/p>\n<p>Concernant une \u00e9ventuelle participation au <strong>Tour de France 2026<\/strong>, <strong>Paul Seixas<\/strong> ne s&rsquo;engage pas : \u00a0\u00bb Nous n&rsquo;avons tout simplement pas encore d\u00e9cid\u00e9 avec l&rsquo;\u00e9quipe de ce que je ferai ensuite. Cela me laisse plusieurs options. Pour moi, c&rsquo;est une bonne chose, que j&rsquo;appr\u00e9cie. Cela nous permettra de voir comment ma forme \u00e9volue, ce que je peux vraiment faire, comment je peux m&rsquo;adapter. <strong>Je ne suis pas trop g\u00ean\u00e9 par le battage m\u00e9diatique autour de ma possible participation au Tour parce que je n&rsquo;y pr\u00eate pas trop attention, pour \u00eatre honn\u00eate<\/strong>. Bien s\u00fbr, <strong>les gens veulent que je participe au Tour et je le comprends, parce que je suis fran\u00e7ais<\/strong>. Mais je me concentre davantage sur ce que je veux faire, sur ce qui est le mieux pour mon d\u00e9veloppement avant tout.<\/p>\n","protected":false},"excerpt":{"rendered":"<p>Paul Seixas pr\u00e9pare son programme pour 2026. Le jeune et talentueux Fran\u00e7ais a surpris tout le monde lors de sa premi\u00e8re saison professionnelle sous le maillot du Decathlon AG2R La Mondiale, prenant une excellente septi\u00e8me place dans son premier Monumento, le Tour de Lombardie, et une s\u00e9rie d&rsquo;autres r\u00e9sultats importants, notamment une m\u00e9daille de bronze &hellip;<\/p>\n","protected":false},"author":20,"featured_media":163323,"comment_status":"open","ping_status":"open","sticky":false,"template":"","format":"standard","meta":{"footnotes":""},"categories":[3],"tags":[],"class_list":["post-163324","post","type-post","status-publish","format-standard","has-post-thumbnail","hentry","category-autre"],"_links":{"self":[{"href":"https:\/\/cyclingpro.net\/velopro\/wp-json\/wp\/v2\/posts\/163324","targetHints":{"allow":["GET"]}}],"collection":[{"href":"https:\/\/cyclingpro.net\/velopro\/wp-json\/wp\/v2\/posts"}],"about":[{"href":"https:\/\/cyclingpro.net\/velopro\/wp-json\/wp\/v2\/types\/post"}],"author":[{"embeddable":true,"href":"https:\/\/cyclingpro.net\/velopro\/wp-json\/wp\/v2\/users\/20"}],"replies":[{"embeddable":true,"href":"https:\/\/cyclingpro.net\/velopro\/wp-json\/wp\/v2\/comments?post=163324"}],"version-history":[{"count":0,"href":"https:\/\/cyclingpro.net\/velopro\/wp-json\/wp\/v2\/posts\/163324\/revisions"}],"wp:featuredmedia":[{"embeddable":true,"href":"https:\/\/cyclingpro.net\/velopro\/wp-json\/wp\/v2\/media\/163323"}],"wp:attachment":[{"href":"https:\/\/cyclingpro.net\/velopro\/wp-json\/wp\/v2\/media?parent=163324"}],"wp:term":[{"taxonomy":"category","embeddable":true,"href":"https:\/\/cyclingpro.net\/velopro\/wp-json\/wp\/v2\/categories?post=163324"},{"taxonomy":"post_tag","embeddable":true,"href":"https:\/\/cyclingpro.net\/velopro\/wp-json\/wp\/v2\/tags?post=163324"}],"curies":[{"name":"wp","href":"https:\/\/api.w.org\/{rel}","templated":true}]}}