{"id":163322,"date":"2025-12-12T12:10:28","date_gmt":"2025-12-12T11:10:28","guid":{"rendered":"https:\/\/cyclingpro.net\/velopro\/uncategorized\/uae-emirates-xrg-maillot-de-la-saison-2026-devoile\/"},"modified":"2025-12-12T12:10:28","modified_gmt":"2025-12-12T11:10:28","slug":"uae-emirates-xrg-maillot-de-la-saison-2026-devoile","status":"publish","type":"post","link":"https:\/\/cyclingpro.net\/velopro\/autre\/uae-emirates-xrg-maillot-de-la-saison-2026-devoile\/","title":{"rendered":"UAE Emirates XRG, maillot de la saison 2026 d\u00e9voil\u00e9"},"content":{"rendered":"<p>Le <strong>UAE Emirates XRG<\/strong> montre le maillot que porteront ses coureurs lors de la saison 2026. Fabriqu\u00e9 par<strong>Pissei<\/strong> pour la quatri\u00e8me ann\u00e9e cons\u00e9cutive, l&rsquo;uniforme de course de l&rsquo;\u00e9quipe la plus forte du monde conna\u00eetra quelques changements par rapport \u00e0 la tenue de 2025. Le blanc restera la couleur principale de la partie sup\u00e9rieure du maillot, et le noir sera la couleur de base du short, mais les deux couleurs seront combin\u00e9es sur les manches du maillot, ce qui donnera un r\u00e9sultat assez diff\u00e9rent de celui de l'\u00a0\u00bb\u00e9dition\u00a0\u00bb pr\u00e9c\u00e9dente. Il y aura \u00e9galement des r\u00e9f\u00e9rences rouges sur le maillot, \u00e0 la fois sur le torse et dans le dos.<\/p>\n<p>Habiller la meilleure \u00e9quipe du monde n&rsquo;est jamais le d\u00e9veloppement d&rsquo;un seul \u00e9l\u00e9ment, mais d&rsquo;une constellation de fragments\u00a0\u00bb, peut-on lire dans la note diffus\u00e9e par Pissei : \u00ab\u00a0Les d\u00e9cisions, l&rsquo;instinct, la pr\u00e9paration, la discipline, l&rsquo;\u00e9quipement, les d\u00e9tails prennent forme jour apr\u00e8s jour, jusqu&rsquo;\u00e0 ce qu&rsquo;ils deviennent exactement ce que l&rsquo;on veut\u00a0\u00bb.<\/p>\n<p><a href=\"https:\/\/cyclingpro.net\/spaziociclismo\/wp-content\/uploads\/2025\/12\/UAE26_SKINSUIT_BACK.jpg\"><img loading=\"lazy\" decoding=\"async\" class=\"alignleft wp-image-357340 size-large\" src=\"https:\/\/cyclingpro.net\/spaziociclismo\/wp-content\/uploads\/2025\/12\/UAE26_SKINSUIT_BACK-768x1024.jpg\" alt=\"\" width=\"768\" height=\"1024\" \/><\/a><\/p>\n<p><a href=\"https:\/\/cyclingpro.net\/spaziociclismo\/wp-content\/uploads\/2025\/12\/UAE26_SKINSUIT_FRONT.jpg\"><img loading=\"lazy\" decoding=\"async\" class=\"alignleft wp-image-357341 size-large\" src=\"https:\/\/cyclingpro.net\/spaziociclismo\/wp-content\/uploads\/2025\/12\/UAE26_SKINSUIT_FRONT-768x1024.jpg\" alt=\"\" width=\"768\" height=\"1024\" \/><\/a><\/p>\n","protected":false},"excerpt":{"rendered":"<p>Le UAE Emirates XRG montre le maillot que porteront ses coureurs lors de la saison 2026. Fabriqu\u00e9 parPissei pour la quatri\u00e8me ann\u00e9e cons\u00e9cutive, l&rsquo;uniforme de course de l&rsquo;\u00e9quipe la plus forte du monde conna\u00eetra quelques changements par rapport \u00e0 la tenue de 2025. Le blanc restera la couleur principale de la partie sup\u00e9rieure du maillot, &hellip;<\/p>\n","protected":false},"author":20,"featured_media":163321,"comment_status":"open","ping_status":"open","sticky":false,"template":"","format":"standard","meta":{"footnotes":""},"categories":[3],"tags":[],"class_list":["post-163322","post","type-post","status-publish","format-standard","has-post-thumbnail","hentry","category-autre"],"_links":{"self":[{"href":"https:\/\/cyclingpro.net\/velopro\/wp-json\/wp\/v2\/posts\/163322","targetHints":{"allow":["GET"]}}],"collection":[{"href":"https:\/\/cyclingpro.net\/velopro\/wp-json\/wp\/v2\/posts"}],"about":[{"href":"https:\/\/cyclingpro.net\/velopro\/wp-json\/wp\/v2\/types\/post"}],"author":[{"embeddable":true,"href":"https:\/\/cyclingpro.net\/velopro\/wp-json\/wp\/v2\/users\/20"}],"replies":[{"embeddable":true,"href":"https:\/\/cyclingpro.net\/velopro\/wp-json\/wp\/v2\/comments?post=163322"}],"version-history":[{"count":0,"href":"https:\/\/cyclingpro.net\/velopro\/wp-json\/wp\/v2\/posts\/163322\/revisions"}],"wp:featuredmedia":[{"embeddable":true,"href":"https:\/\/cyclingpro.net\/velopro\/wp-json\/wp\/v2\/media\/163321"}],"wp:attachment":[{"href":"https:\/\/cyclingpro.net\/velopro\/wp-json\/wp\/v2\/media?parent=163322"}],"wp:term":[{"taxonomy":"category","embeddable":true,"href":"https:\/\/cyclingpro.net\/velopro\/wp-json\/wp\/v2\/categories?post=163322"},{"taxonomy":"post_tag","embeddable":true,"href":"https:\/\/cyclingpro.net\/velopro\/wp-json\/wp\/v2\/tags?post=163322"}],"curies":[{"name":"wp","href":"https:\/\/api.w.org\/{rel}","templated":true}]}}