{"id":163320,"date":"2025-12-12T10:54:34","date_gmt":"2025-12-12T09:54:34","guid":{"rendered":"https:\/\/cyclingpro.net\/velopro\/uncategorized\/bardiani-csf-7-saber-nouveau-nom-officiel-de-lequipe-professional-italienne\/"},"modified":"2025-12-12T10:54:34","modified_gmt":"2025-12-12T09:54:34","slug":"bardiani-csf-7-saber-nouveau-nom-officiel-de-lequipe-professional-italienne","status":"publish","type":"post","link":"https:\/\/cyclingpro.net\/velopro\/autre\/bardiani-csf-7-saber-nouveau-nom-officiel-de-lequipe-professional-italienne\/","title":{"rendered":"Bardiani CSF 7 Saber, nouveau nom officiel de l&rsquo;\u00e9quipe Professional italienne"},"content":{"rendered":"<p>En correspondance avec la saison num\u00e9ro 45, ce qui \u00e9tait ces derni\u00e8res saisons le <strong>VF Group-Bardiani CSF-Faizan\u00e8<\/strong> va changer de nom. La formation professionnelle italienne, dirig\u00e9e par Bruno et Roberto Reverberi, sera en effet dans le groupe en 2026 sous le nom de <strong>Bardiani CSF 7 Saber<\/strong>. Sont donc confirm\u00e9s deux des sponsors principaux \u00ab\u00a0historiques\u00a0\u00bb, qui seront rejoints par un nouveau, 7 Saber, <a href=\"https:\/\/cyclingpro.net\/spaziociclismo\/continental\/vf-group-bardiani-csf-faizane-accordo-con-un-importante-sponsor-uzbeko-un-nuovo-progetto-per-dare-vita-a-una-scuola-di-ciclismo-di-livello-internazionale\/\" target=\"_blank\" rel=\"noopener\">dont l&rsquo;arriv\u00e9e dans le cyclisme a d\u00e9j\u00e0 \u00e9t\u00e9 annonc\u00e9e il y a quelques semaines.<\/a> 7 Saber est une entreprise sp\u00e9cialis\u00e9e dans les v\u00eatements de sport qui a \u00e9t\u00e9 fond\u00e9e en Ouzb\u00e9kistan en 2021 et qui op\u00e8re aujourd&rsquo;hui dans diff\u00e9rentes parties du monde.<\/p>\n<p>Outre le nom, qui a \u00e9t\u00e9 publi\u00e9 par l&rsquo;Union cycliste internationale lors de la certification de l&rsquo;inscription, le nouveau nom de l&rsquo;\u00e9quipe est d\u00e9j\u00e0 visible sur son site web, accompagn\u00e9 d&rsquo;un nouveau logo. Tant VF Group, qui reste n\u00e9anmoins parmi les marques soutenant l&rsquo;\u00e9quipe, que Faizan\u00e8, dont le nom de marque fait partie du \u00ab\u00a0nom de course\u00a0\u00bb de l&rsquo;\u00e9quipe depuis 2020, quittent donc le nom officiel.<\/p>\n<p><a href=\"https:\/\/cyclingpro.net\/spaziociclismo\/wp-content\/uploads\/2025\/12\/Logo-Bardiani-7saber-1.png\"><img loading=\"lazy\" decoding=\"async\" class=\"aligncenter wp-image-357360 size-full\" src=\"https:\/\/cyclingpro.net\/spaziociclismo\/wp-content\/uploads\/2025\/12\/Logo-Bardiani-7saber-1.png\" alt=\"\" width=\"350\" height=\"244\" \/><\/a><\/p>\n","protected":false},"excerpt":{"rendered":"<p>En correspondance avec la saison num\u00e9ro 45, ce qui \u00e9tait ces derni\u00e8res saisons le VF Group-Bardiani CSF-Faizan\u00e8 va changer de nom. La formation professionnelle italienne, dirig\u00e9e par Bruno et Roberto Reverberi, sera en effet dans le groupe en 2026 sous le nom de Bardiani CSF 7 Saber. Sont donc confirm\u00e9s deux des sponsors principaux \u00ab\u00a0historiques\u00a0\u00bb, &hellip;<\/p>\n","protected":false},"author":20,"featured_media":163319,"comment_status":"open","ping_status":"open","sticky":false,"template":"","format":"standard","meta":{"footnotes":""},"categories":[3],"tags":[],"class_list":["post-163320","post","type-post","status-publish","format-standard","has-post-thumbnail","hentry","category-autre"],"_links":{"self":[{"href":"https:\/\/cyclingpro.net\/velopro\/wp-json\/wp\/v2\/posts\/163320","targetHints":{"allow":["GET"]}}],"collection":[{"href":"https:\/\/cyclingpro.net\/velopro\/wp-json\/wp\/v2\/posts"}],"about":[{"href":"https:\/\/cyclingpro.net\/velopro\/wp-json\/wp\/v2\/types\/post"}],"author":[{"embeddable":true,"href":"https:\/\/cyclingpro.net\/velopro\/wp-json\/wp\/v2\/users\/20"}],"replies":[{"embeddable":true,"href":"https:\/\/cyclingpro.net\/velopro\/wp-json\/wp\/v2\/comments?post=163320"}],"version-history":[{"count":0,"href":"https:\/\/cyclingpro.net\/velopro\/wp-json\/wp\/v2\/posts\/163320\/revisions"}],"wp:featuredmedia":[{"embeddable":true,"href":"https:\/\/cyclingpro.net\/velopro\/wp-json\/wp\/v2\/media\/163319"}],"wp:attachment":[{"href":"https:\/\/cyclingpro.net\/velopro\/wp-json\/wp\/v2\/media?parent=163320"}],"wp:term":[{"taxonomy":"category","embeddable":true,"href":"https:\/\/cyclingpro.net\/velopro\/wp-json\/wp\/v2\/categories?post=163320"},{"taxonomy":"post_tag","embeddable":true,"href":"https:\/\/cyclingpro.net\/velopro\/wp-json\/wp\/v2\/tags?post=163320"}],"curies":[{"name":"wp","href":"https:\/\/api.w.org\/{rel}","templated":true}]}}