{"id":163316,"date":"2025-12-12T10:06:07","date_gmt":"2025-12-12T09:06:07","guid":{"rendered":"https:\/\/cyclingpro.net\/velopro\/uncategorized\/movistar-les-espoirs-deusebio-unzue-nous-entrons-dans-une-phase-de-renouvellement-et-dambition-nous-aiderons-uijtdebroeks-a-devenir-le-capitaine-que-nous-attendons\/"},"modified":"2025-12-12T10:06:07","modified_gmt":"2025-12-12T09:06:07","slug":"movistar-les-espoirs-deusebio-unzue-nous-entrons-dans-une-phase-de-renouvellement-et-dambition-nous-aiderons-uijtdebroeks-a-devenir-le-capitaine-que-nous-attendons","status":"publish","type":"post","link":"https:\/\/cyclingpro.net\/velopro\/autre\/movistar-les-espoirs-deusebio-unzue-nous-entrons-dans-une-phase-de-renouvellement-et-dambition-nous-aiderons-uijtdebroeks-a-devenir-le-capitaine-que-nous-attendons\/","title":{"rendered":"Movistar, les espoirs d&rsquo;Eusebio Unzu\u00e9 : \u00ab\u00a0Nous entrons dans une phase de renouvellement et d&rsquo;ambition, nous aiderons Uijtdebroeks \u00e0 devenir le capitaine que nous attendons\u00a0\u00bb."},"content":{"rendered":"<p>Le <strong>Movistar<\/strong> est pr\u00eat pour sa 16e saison dans l&rsquo;\u00e9quipe. En fait, l&rsquo;histoire de l&rsquo;\u00e9quipe espagnole, dirig\u00e9e par <strong>Eusebio Unzu\u00e9<\/strong>, remonte encore plus loin, puisque cette entit\u00e9 sportive a vu le jour en 1980, sous le nom de Reynolds. \u00c0 partir de l\u00e0, les sponsors et les noms se sont succ\u00e9d\u00e9, jusqu&rsquo;\u00e0 celui d\u00e9riv\u00e9 de la compagnie de t\u00e9l\u00e9phone ib\u00e9rique, qui est rest\u00e9 en l&rsquo;\u00e9tat depuis 2011 jusqu&rsquo;\u00e0 aujourd&rsquo;hui. Cependant, depuis quelques ann\u00e9es, Movistar a perdu son statut d&rsquo;\u00e9quipe la plus importante au monde, mais le milieu de la \u00ab\u00a0compagnie de t\u00e9l\u00e9phone\u00a0\u00bb esp\u00e8re maintenant que les choses vont changer.<\/p>\n<p>C&rsquo;est ce qu&rsquo;a d\u00e9clar\u00e9 Unzu\u00e9, l&rsquo;un des plus anciens dirigeants du cyclisme encore dans le groupe, lors de la pr\u00e9sentation officielle de ses \u00e9quipes (WorldTour masculin, WorldTour f\u00e9minin et d\u00e9veloppement masculin) le jeudi 11 d\u00e9cembre : \u00ab\u00a0Nous abordons une nouvelle saison passionnante avec Telef\u00f3nica (la soci\u00e9t\u00e9 propri\u00e9taire de la marque Movistar &#8211; <em>ndr<\/em>), qui a confirm\u00e9 son engagement dans ce projet que nous partageons depuis tant d&rsquo;ann\u00e9es. <Nous entrons dans une phase renouvel\u00e9e et ambitieuse, caract\u00e9ris\u00e9e par l'arriv\u00e9e de coureurs importants qui renforceront notre comp\u00e9titivit\u00e9 dans tous les domaines<\/strong> et donneront un nouvel \u00e9lan \u00e0 la structure sportive de l&rsquo;\u00e9quipe\u00a0\u00bb.<\/p>\n<p>En d\u00e9tail, l&rsquo;un de ces \u00ab\u00a0nouveaux arrivants\u00a0\u00bb est le Belge <strong>Cian Uijtdebroeks<\/strong>, qui a quitt\u00e9 son contrat avec Visma|Lease un v\u00e9lo plus t\u00f4t et a atterri \u00e0 Movistar \u00e0 la recherche d&rsquo;une dimension plus large, par rapport \u00e0 celle qu&rsquo;il aurait pu avoir en jaune et noir : \u00ab\u00a0J&rsquo;esp\u00e8re la confirmation et la consolidation de notre &lsquo;classe moyenne&rsquo;, qui pourrait faire de notre 2026 une grande ann\u00e9e &#8211; les mots d&rsquo;Unzu\u00e9 recueillis par <a href=\"https:\/\/www.ciclismoafondo.es\/competicion\/noticias-resultados-ciclismo\/eusebio-unzue-ayudaremos-uijtdebroeks-ser-ese-lider-todos-esperamos_320312_102.html\" target=\"_blank\" rel=\"noopener\"><em>EFE<\/em><\/a> &#8211; Et j&rsquo;esp\u00e8re pour Uijtdebroeks, dont l&rsquo;arriv\u00e9e a caus\u00e9 quelques surprises. Nous voulons l&rsquo;aider \u00e0 devenir le capitaine que tout le monde attend.<\/p>\n<p>Le d\u00e9fi pour le jeune Belge est de taille, puisque Movistar l&rsquo;a d\u00e9sign\u00e9, bien \u00e0 l&rsquo;avance, <a href=\"https:\/\/cyclingpro.net\/spaziociclismo\/worldtour\/movistar-radicale-cambio-di-scenario-sara-cian-uijtdebroeks-il-capitano-al-tour-de-france-2026-possibili-giro-e-vuelta-per-enric-mas\/\" target=\"_blank\" rel=\"noopener\">comme l&rsquo;homme \u00e0 suivre pour le classement g\u00e9n\u00e9ral du <strong>Tour de France 2026<\/strong>,<\/a> une course dans laquelle Uijtdebroeks fera \u00e9galement ses d\u00e9buts en carri\u00e8re.<\/p>\n","protected":false},"excerpt":{"rendered":"<p>Le Movistar est pr\u00eat pour sa 16e saison dans l&rsquo;\u00e9quipe. En fait, l&rsquo;histoire de l&rsquo;\u00e9quipe espagnole, dirig\u00e9e par Eusebio Unzu\u00e9, remonte encore plus loin, puisque cette entit\u00e9 sportive a vu le jour en 1980, sous le nom de Reynolds. \u00c0 partir de l\u00e0, les sponsors et les noms se sont succ\u00e9d\u00e9, jusqu&rsquo;\u00e0 celui d\u00e9riv\u00e9 de &hellip;<\/p>\n","protected":false},"author":20,"featured_media":163315,"comment_status":"open","ping_status":"open","sticky":false,"template":"","format":"standard","meta":{"footnotes":""},"categories":[3],"tags":[],"class_list":["post-163316","post","type-post","status-publish","format-standard","has-post-thumbnail","hentry","category-autre"],"_links":{"self":[{"href":"https:\/\/cyclingpro.net\/velopro\/wp-json\/wp\/v2\/posts\/163316","targetHints":{"allow":["GET"]}}],"collection":[{"href":"https:\/\/cyclingpro.net\/velopro\/wp-json\/wp\/v2\/posts"}],"about":[{"href":"https:\/\/cyclingpro.net\/velopro\/wp-json\/wp\/v2\/types\/post"}],"author":[{"embeddable":true,"href":"https:\/\/cyclingpro.net\/velopro\/wp-json\/wp\/v2\/users\/20"}],"replies":[{"embeddable":true,"href":"https:\/\/cyclingpro.net\/velopro\/wp-json\/wp\/v2\/comments?post=163316"}],"version-history":[{"count":0,"href":"https:\/\/cyclingpro.net\/velopro\/wp-json\/wp\/v2\/posts\/163316\/revisions"}],"wp:featuredmedia":[{"embeddable":true,"href":"https:\/\/cyclingpro.net\/velopro\/wp-json\/wp\/v2\/media\/163315"}],"wp:attachment":[{"href":"https:\/\/cyclingpro.net\/velopro\/wp-json\/wp\/v2\/media?parent=163316"}],"wp:term":[{"taxonomy":"category","embeddable":true,"href":"https:\/\/cyclingpro.net\/velopro\/wp-json\/wp\/v2\/categories?post=163316"},{"taxonomy":"post_tag","embeddable":true,"href":"https:\/\/cyclingpro.net\/velopro\/wp-json\/wp\/v2\/tags?post=163316"}],"curies":[{"name":"wp","href":"https:\/\/api.w.org\/{rel}","templated":true}]}}