{"id":163314,"date":"2025-12-12T09:23:31","date_gmt":"2025-12-12T08:23:31","guid":{"rendered":"https:\/\/cyclingpro.net\/velopro\/uncategorized\/arkea-bb-hotels-apres-la-fermeture-victor-guernalec-et-leandre-lozouet-tombent-dans-une-continental-sept-coureurs-restent-sans-equipe\/"},"modified":"2025-12-12T09:23:31","modified_gmt":"2025-12-12T08:23:31","slug":"arkea-bb-hotels-apres-la-fermeture-victor-guernalec-et-leandre-lozouet-tombent-dans-une-continental-sept-coureurs-restent-sans-equipe","status":"publish","type":"post","link":"https:\/\/cyclingpro.net\/velopro\/autre\/arkea-bb-hotels-apres-la-fermeture-victor-guernalec-et-leandre-lozouet-tombent-dans-une-continental-sept-coureurs-restent-sans-equipe\/","title":{"rendered":"Ark\u00e9a-B&#038;B Hotels, apr\u00e8s la fermeture Victor Guernalec et L\u00e9andre Lozouet tombent dans une Continental &#8211; Sept coureurs restent sans \u00e9quipe"},"content":{"rendered":"<p>La fermeture totale des <strong>Ark\u00e9a-B&amp;B Hotels<\/strong> a laiss\u00e9 plusieurs coureurs dans une situation compliqu\u00e9e quant \u00e0 leur avenir en comp\u00e9tition. En ce qui concerne le WorldTour masculin, il y avait 28 coureurs ; certains d&rsquo;entre eux ont d\u00e9cid\u00e9 de prendre leur retraite, comme <strong>Arnaud D\u00e9mare<\/strong> et <strong>\u00c9lie Gesbert<\/strong>, tandis que d&rsquo;autres ont r\u00e9ussi assez facilement \u00e0 trouver une nouvelle maison, comme dans le cas de la star fran\u00e7aise<strong> K\u00e9vin Vauquelin<\/strong>, qui est pass\u00e9 \u00e0 INEOS Grenadiers. D&rsquo;autres encore se retrouvent \u00e0 la fin du mois de d\u00e9cembre sans voie claire pour poursuivre leurs carri\u00e8res respectives.<\/p>\n<p>Ces derni\u00e8res heures, <strong>Victor Guernalec<\/strong> et <strong>L\u00e9andre Lozouet<\/strong>, annonc\u00e9s comme renforts par la <strong>CIC Pro Cycling Academy<\/strong>, le Continental fran\u00e7ais <a href=\"https:\/\/cyclingpro.net\/spaziociclismo\/continental\/cic-pro-cycling-academy-la-formazione-continental-francese-punta-alla-categoria-professional-nel-2028-e-a-partecipare-al-tour-entro-il-2032\/\" target=\"_blank\" rel=\"noopener\">qui en 2025 \u00e9tait connu sous le nom de CIC-U-Nantes et qui a d\u00e9clar\u00e9 des plans de croissance pour les ann\u00e9es \u00e0 venir<\/a>, se sont install\u00e9s. Guernalec, 25 ans, et Lozouet, 21 ans, sont les v\u00e9t\u00e9rans d&rsquo;une seule saison, celle qui vient de s&rsquo;achever, chez les professionnels, sans flamb\u00e9e particuli\u00e8re.<\/p>\n<p>A ce jour, sur l&rsquo;\u00e9quipe 2025 Ark\u00e9a-B&amp;B Hotels, il reste sept coureurs au destin incertain, du moins officiellement. L&rsquo;un d&rsquo;entre eux est l&rsquo;Italien <strong>Giosu\u00e8 Epis<\/strong>, qui devrait toutefois prochainement<a href=\"https:\/\/cyclingpro.net\/spaziociclismo\/ciclomercato\/ciclomercato-2026-welsford-epis-giacomo-villa-venturini-cevini-huyet\/\" target=\"_blank\" rel=\"noopener\">\u00eatre annonc\u00e9 comme nouvelle recrue de la Petrolike<\/a> (\u00e9quipe Continental sous licence mexicaine). M\u00eame pour <strong>Cl\u00e9ment Venturini<\/strong>, il semble y avoir des perspectives certaines, puisque le Fran\u00e7ais rejoindra le roster des Unibet Rose Rockets. En revanche, les situations du Luxembourgeois <strong>Michel Ries<\/strong>, de l&rsquo;Australien <strong>Miles Scotson<\/strong> et des Fran\u00e7ais <strong>Thibault Guernalec<\/strong> (fr\u00e8re a\u00een\u00e9 du susmentionn\u00e9 Victor), <strong>Mathis Le Berre,<\/strong> et <strong>Pierre Thierry<\/strong> restent en suspens.<\/p>\n","protected":false},"excerpt":{"rendered":"<p>La fermeture totale des Ark\u00e9a-B&amp;B Hotels a laiss\u00e9 plusieurs coureurs dans une situation compliqu\u00e9e quant \u00e0 leur avenir en comp\u00e9tition. En ce qui concerne le WorldTour masculin, il y avait 28 coureurs ; certains d&rsquo;entre eux ont d\u00e9cid\u00e9 de prendre leur retraite, comme Arnaud D\u00e9mare et \u00c9lie Gesbert, tandis que d&rsquo;autres ont r\u00e9ussi assez facilement &hellip;<\/p>\n","protected":false},"author":20,"featured_media":163313,"comment_status":"open","ping_status":"open","sticky":false,"template":"","format":"standard","meta":{"footnotes":""},"categories":[3],"tags":[],"class_list":["post-163314","post","type-post","status-publish","format-standard","has-post-thumbnail","hentry","category-autre"],"_links":{"self":[{"href":"https:\/\/cyclingpro.net\/velopro\/wp-json\/wp\/v2\/posts\/163314","targetHints":{"allow":["GET"]}}],"collection":[{"href":"https:\/\/cyclingpro.net\/velopro\/wp-json\/wp\/v2\/posts"}],"about":[{"href":"https:\/\/cyclingpro.net\/velopro\/wp-json\/wp\/v2\/types\/post"}],"author":[{"embeddable":true,"href":"https:\/\/cyclingpro.net\/velopro\/wp-json\/wp\/v2\/users\/20"}],"replies":[{"embeddable":true,"href":"https:\/\/cyclingpro.net\/velopro\/wp-json\/wp\/v2\/comments?post=163314"}],"version-history":[{"count":0,"href":"https:\/\/cyclingpro.net\/velopro\/wp-json\/wp\/v2\/posts\/163314\/revisions"}],"wp:featuredmedia":[{"embeddable":true,"href":"https:\/\/cyclingpro.net\/velopro\/wp-json\/wp\/v2\/media\/163313"}],"wp:attachment":[{"href":"https:\/\/cyclingpro.net\/velopro\/wp-json\/wp\/v2\/media?parent=163314"}],"wp:term":[{"taxonomy":"category","embeddable":true,"href":"https:\/\/cyclingpro.net\/velopro\/wp-json\/wp\/v2\/categories?post=163314"},{"taxonomy":"post_tag","embeddable":true,"href":"https:\/\/cyclingpro.net\/velopro\/wp-json\/wp\/v2\/tags?post=163314"}],"curies":[{"name":"wp","href":"https:\/\/api.w.org\/{rel}","templated":true}]}}