{"id":163310,"date":"2025-12-12T08:18:15","date_gmt":"2025-12-12T07:18:15","guid":{"rendered":"https:\/\/cyclingpro.net\/velopro\/uncategorized\/movistar-changement-radical-de-decor-cian-uijtdebroeks-sera-capitaine-dans-le-tour-de-france-2026-giro-et-vuelta-possibles-pour-enric-mas\/"},"modified":"2025-12-12T08:18:15","modified_gmt":"2025-12-12T07:18:15","slug":"movistar-changement-radical-de-decor-cian-uijtdebroeks-sera-capitaine-dans-le-tour-de-france-2026-giro-et-vuelta-possibles-pour-enric-mas","status":"publish","type":"post","link":"https:\/\/cyclingpro.net\/velopro\/autre\/movistar-changement-radical-de-decor-cian-uijtdebroeks-sera-capitaine-dans-le-tour-de-france-2026-giro-et-vuelta-possibles-pour-enric-mas\/","title":{"rendered":"Movistar, changement radical de d\u00e9cor : Cian Uijtdebroeks sera capitaine dans le Tour de France 2026 &#8211; Giro et Vuelta possibles pour Enric Mas."},"content":{"rendered":"<p>La <strong>Movistar<\/strong> s&rsquo;est officiellement lanc\u00e9e dans l&rsquo;aventure 2026. A Valence, jeudi 11 d\u00e9cembre, l&rsquo;\u00e9quipe espagnole a tenu sa pr\u00e9sentation, qui concernait l&rsquo;\u00e9quipe WorldTour masculine, son homologue f\u00e9minine <a href=\"https:\/\/cyclingpro.net\/spaziociclismo\/ciclomercato\/movistar-anche-due-italiani-nellorganico-della-neonata-academy\/\" target=\"_blank\" rel=\"noopener\">et la toute nouvelle \u00e9quipe de d\u00e9veloppement masculine.<\/a> Malgr\u00e9 l&rsquo;entr\u00e9e r\u00e9cente de quelques nouveaux sponsors, le nom de l&rsquo;\u00e9quipe reste celui d&rsquo;une seule marque, celle de l&rsquo;entreprise de t\u00e9l\u00e9phonie espagnole, comme c&rsquo;est le cas depuis 2011. Cependant, d&rsquo;autres nouveaut\u00e9s caract\u00e9riseront la saison \u00e0 venir pour l&rsquo;\u00e9quipe ib\u00e9rique.<\/p>\n<p>Tout d&rsquo;abord, celle d&rsquo;un nouveau visage comme r\u00e9f\u00e9rence pour le classement g\u00e9n\u00e9ral du <strong>Tour de France 2026<\/strong>. En effet, les ambitions reposeront sur les \u00e9paules de<strong>Cian Uijtdebroeks<\/strong>, un coureur qui s&rsquo;est extirp\u00e9 de son contrat existant<a href=\"https:\/\/cyclingpro.net\/spaziociclismo\/ciclomercato\/movistar-clamorosa-mossa-di-ciclomercato-arriva-cian-uijtdebroeks\/\" target=\"_blank\" rel=\"noopener\"> avec Visma|Lease a Bike pour s&rsquo;installer chez Movistar<\/a>. Le Belge fera ses d\u00e9buts sur la Grande Boucle, avec un r\u00f4le important : \u00ab\u00a0Quand on me l&rsquo;a propos\u00e9, j&rsquo;ai dit &lsquo;allez, on y va ! &#8211; les propos d&rsquo;Uijtdebroeks recueillis par <a href=\"https:\/\/as.com\/ciclismo\/uijtdebroeks-espero-ser-la-siguiente-leyenda-del-movistar-f202512-n\/\" target=\"_blank\" rel=\"noopener\"><em>AS<\/em> <\/a>&#8211; C&rsquo;est la course o\u00f9 je veux \u00eatre un protagoniste dans les ann\u00e9es \u00e0 venir et je dois commencer \u00e0 m&rsquo;y pr\u00e9parer d\u00e8s maintenant. <strong>Nous avons regard\u00e9 le Parcours, nous savons qu&rsquo;il est tr\u00e8s difficile, mais c&rsquo;est aussi ce qui me motive<\/strong>\u00ab\u00a0.<\/p>\n<p>Ainsi, pour la premi\u00e8re fois depuis 2019, le capitaine de Movistar ne sera pas <strong>Enric Mas<\/strong>. Le coureur majorquin a mis fin \u00e0 sa saison 2025 tr\u00e8s t\u00f4t en raison d&rsquo;une op\u00e9ration \u00e0 une jambe, due \u00e0 une thrombophl\u00e9bite, et est toujours en convalescence. Pour l&rsquo;instant, il n&rsquo;y a rien de d\u00e9fini pour lui en ce qui concerne le programme, m\u00eame si l&rsquo;id\u00e9e de l&rsquo;\u00e9quipe semble \u00eatre de l&rsquo;aligner au <strong>Giro d&rsquo;Italia 2026<\/strong> puis \u00e0 la <strong>Vuelta a Espa\u00f1a 2026<\/strong>. M\u00eame dans le cas de Mas, la saison pourrait donc se caract\u00e9riser par des d\u00e9buts, puisque l&rsquo;Espagnol n&rsquo;a jamais particip\u00e9 au Giro jusqu&rsquo;\u00e0 pr\u00e9sent.<\/p>\n<p>Pour l&rsquo;instant, mon id\u00e9e est de redevenir l&rsquo;Enric que j&rsquo;\u00e9tais\u00a0\u00bb, a d\u00e9clar\u00e9 Mas \u00e0 <em>AS<\/em> &#8211; \u00ab\u00a0Voyons si je peux me remettre en forme rapidement, afin que je puisse ensuite d\u00e9cider de mon programme. <J'ai eu un probl\u00e8me physique qui n\u00e9cessite une longue p\u00e9riode de r\u00e9cup\u00e9ration, donc je dois aller de jour en jour et r\u00e9cup\u00e9rer progressivement.<\/strong> Pour le calendrier, nous verrons plus tard. S&rsquo;il va bien, Mas pourrait en tout cas faire ses d\u00e9buts d\u00e8s la fin du mois de janvier, dans l&rsquo;une des manches du Challenge Mallorca 2026.<\/p>\n","protected":false},"excerpt":{"rendered":"<p>La Movistar s&rsquo;est officiellement lanc\u00e9e dans l&rsquo;aventure 2026. A Valence, jeudi 11 d\u00e9cembre, l&rsquo;\u00e9quipe espagnole a tenu sa pr\u00e9sentation, qui concernait l&rsquo;\u00e9quipe WorldTour masculine, son homologue f\u00e9minine et la toute nouvelle \u00e9quipe de d\u00e9veloppement masculine. Malgr\u00e9 l&rsquo;entr\u00e9e r\u00e9cente de quelques nouveaux sponsors, le nom de l&rsquo;\u00e9quipe reste celui d&rsquo;une seule marque, celle de l&rsquo;entreprise de &hellip;<\/p>\n","protected":false},"author":20,"featured_media":163309,"comment_status":"open","ping_status":"open","sticky":false,"template":"","format":"standard","meta":{"footnotes":""},"categories":[3],"tags":[],"class_list":["post-163310","post","type-post","status-publish","format-standard","has-post-thumbnail","hentry","category-autre"],"_links":{"self":[{"href":"https:\/\/cyclingpro.net\/velopro\/wp-json\/wp\/v2\/posts\/163310","targetHints":{"allow":["GET"]}}],"collection":[{"href":"https:\/\/cyclingpro.net\/velopro\/wp-json\/wp\/v2\/posts"}],"about":[{"href":"https:\/\/cyclingpro.net\/velopro\/wp-json\/wp\/v2\/types\/post"}],"author":[{"embeddable":true,"href":"https:\/\/cyclingpro.net\/velopro\/wp-json\/wp\/v2\/users\/20"}],"replies":[{"embeddable":true,"href":"https:\/\/cyclingpro.net\/velopro\/wp-json\/wp\/v2\/comments?post=163310"}],"version-history":[{"count":0,"href":"https:\/\/cyclingpro.net\/velopro\/wp-json\/wp\/v2\/posts\/163310\/revisions"}],"wp:featuredmedia":[{"embeddable":true,"href":"https:\/\/cyclingpro.net\/velopro\/wp-json\/wp\/v2\/media\/163309"}],"wp:attachment":[{"href":"https:\/\/cyclingpro.net\/velopro\/wp-json\/wp\/v2\/media?parent=163310"}],"wp:term":[{"taxonomy":"category","embeddable":true,"href":"https:\/\/cyclingpro.net\/velopro\/wp-json\/wp\/v2\/categories?post=163310"},{"taxonomy":"post_tag","embeddable":true,"href":"https:\/\/cyclingpro.net\/velopro\/wp-json\/wp\/v2\/tags?post=163310"}],"curies":[{"name":"wp","href":"https:\/\/api.w.org\/{rel}","templated":true}]}}