{"id":163306,"date":"2025-12-11T18:34:24","date_gmt":"2025-12-11T17:34:24","guid":{"rendered":"https:\/\/cyclingpro.net\/velopro\/uncategorized\/tour-de-norvege-2026-premieres-reflexions-apres-lannulation-certains-politiciens-ont-dit-que-cetait-une-decision-stupide\/"},"modified":"2025-12-11T18:34:24","modified_gmt":"2025-12-11T17:34:24","slug":"tour-de-norvege-2026-premieres-reflexions-apres-lannulation-certains-politiciens-ont-dit-que-cetait-une-decision-stupide","status":"publish","type":"post","link":"https:\/\/cyclingpro.net\/velopro\/autre\/tour-de-norvege-2026-premieres-reflexions-apres-lannulation-certains-politiciens-ont-dit-que-cetait-une-decision-stupide\/","title":{"rendered":"Tour de Norv\u00e8ge 2026, premi\u00e8res r\u00e9flexions apr\u00e8s l&rsquo;annulation : \u00ab\u00a0Certains politiciens ont dit que c&rsquo;\u00e9tait une d\u00e9cision stupide\u00a0\u00bb."},"content":{"rendered":"<p>Le <strong>Tour de Norv\u00e8ge 2026<\/strong> n&rsquo;aura pas lieu. La courte course par \u00e9tapes, qui a traditionnellement \u00e9t\u00e9 une \u00e9preuve tr\u00e8s disput\u00e9e avec un certain attrait pour les \u00e9quipes et les coureurs du calendrier international, a \u00e9t\u00e9 retir\u00e9e de l&rsquo;agenda annuel <a href=\"https:\/\/cyclingpro.net\/spaziociclismo\/continental\/giro-di-norvegia-2026-corsa-cancellata-per-lo-stop-dei-fondi-pubblici-dal-governo\/\" target=\"_blank\" rel=\"noopener\">en raison du non-renouvellement de la contribution du gouvernement \u00e0 l&rsquo;organisation de l&rsquo;\u00e9v\u00e9nement.<\/a> C&rsquo;est un coup dur pour une sc\u00e8ne nationale qui semblait florissante, notamment gr\u00e2ce \u00e0 l&rsquo;essor consid\u00e9rable d&rsquo;Uno-X Mobility sur les \u00e9tapes mondiales. Cependant, l&rsquo;annulation semble n&rsquo;\u00eatre que temporaire, du moins selon le responsable de l&rsquo;organisation, <strong>Roy Hegreberg<\/strong>.<\/p>\n<p>&lsquo;Nous nous sommes r\u00e9unis entre nous il y a quelques jours et nous avons rapidement compris qu&rsquo;il \u00e9tait hors de question d&rsquo;organiser une course professionnelle en 2026&rsquo;, les propos d&rsquo;Hegreberg recueillis par <a href=\"https:\/\/www.domestiquecycling.com\/en\/\" target=\"_blank\" rel=\"noopener\"><em>Domestique<\/em><\/a> &#8211; &lsquo;Directement, d&rsquo;ailleurs, on ne nous a rien dit. Un politicien, dans la presse, a dit que la contribution pour le Tour de Norv\u00e8ge \u00e9tait une contribution extraordinaire et qu&rsquo;on ne pouvait pas s&rsquo;attendre \u00e0 ce qu&rsquo;elle soit vers\u00e9e chaque ann\u00e9e.<\/p>\n<p>Et maintenant ? \u00ab\u00a0Pour 2026, nous avons mis de l&rsquo;argent de c\u00f4t\u00e9 qui nous permettra de payer les factures, mais pour l&rsquo;ann\u00e9e prochaine, nous aurons \u00e9videmment besoin de plus, notamment parce que nous ne pourrons pas compter sur les revenus qui auraient d\u00e9coul\u00e9 de l&rsquo;organisation de la course, entre les contributions locales, des diff\u00e9rentes municipalit\u00e9s impliqu\u00e9es, et les revenus des droits de t\u00e9l\u00e9vision. Nous allons essayer d&rsquo;utiliser 2026 pour jeter des bases solides pour 2027.<\/p>\n<p>Hegreberg ajoute : \u00ab\u00a0Dans les prochains jours, je me rendrai \u00e0 Oslo (capitale de la Norv\u00e8ge et si\u00e8ge du gouvernement national &#8211; ndlr) pour parler \u00e0 certains politiciens. <Je suis convaincu que le Tour de Norv\u00e8ge reviendra et j'esp\u00e8re qu'il sera encore meilleur qu'avant, avec des fondations solides et une meilleure situation financi\u00e8re.\n<\/p>\n","protected":false},"excerpt":{"rendered":"<p>Le Tour de Norv\u00e8ge 2026 n&rsquo;aura pas lieu. La courte course par \u00e9tapes, qui a traditionnellement \u00e9t\u00e9 une \u00e9preuve tr\u00e8s disput\u00e9e avec un certain attrait pour les \u00e9quipes et les coureurs du calendrier international, a \u00e9t\u00e9 retir\u00e9e de l&rsquo;agenda annuel en raison du non-renouvellement de la contribution du gouvernement \u00e0 l&rsquo;organisation de l&rsquo;\u00e9v\u00e9nement. C&rsquo;est un &hellip;<\/p>\n","protected":false},"author":20,"featured_media":163305,"comment_status":"open","ping_status":"open","sticky":false,"template":"","format":"standard","meta":{"footnotes":""},"categories":[3],"tags":[],"class_list":["post-163306","post","type-post","status-publish","format-standard","has-post-thumbnail","hentry","category-autre"],"_links":{"self":[{"href":"https:\/\/cyclingpro.net\/velopro\/wp-json\/wp\/v2\/posts\/163306","targetHints":{"allow":["GET"]}}],"collection":[{"href":"https:\/\/cyclingpro.net\/velopro\/wp-json\/wp\/v2\/posts"}],"about":[{"href":"https:\/\/cyclingpro.net\/velopro\/wp-json\/wp\/v2\/types\/post"}],"author":[{"embeddable":true,"href":"https:\/\/cyclingpro.net\/velopro\/wp-json\/wp\/v2\/users\/20"}],"replies":[{"embeddable":true,"href":"https:\/\/cyclingpro.net\/velopro\/wp-json\/wp\/v2\/comments?post=163306"}],"version-history":[{"count":0,"href":"https:\/\/cyclingpro.net\/velopro\/wp-json\/wp\/v2\/posts\/163306\/revisions"}],"wp:featuredmedia":[{"embeddable":true,"href":"https:\/\/cyclingpro.net\/velopro\/wp-json\/wp\/v2\/media\/163305"}],"wp:attachment":[{"href":"https:\/\/cyclingpro.net\/velopro\/wp-json\/wp\/v2\/media?parent=163306"}],"wp:term":[{"taxonomy":"category","embeddable":true,"href":"https:\/\/cyclingpro.net\/velopro\/wp-json\/wp\/v2\/categories?post=163306"},{"taxonomy":"post_tag","embeddable":true,"href":"https:\/\/cyclingpro.net\/velopro\/wp-json\/wp\/v2\/tags?post=163306"}],"curies":[{"name":"wp","href":"https:\/\/api.w.org\/{rel}","templated":true}]}}