{"id":163304,"date":"2025-12-11T18:07:49","date_gmt":"2025-12-11T17:07:49","guid":{"rendered":"https:\/\/cyclingpro.net\/velopro\/uncategorized\/movistar-a-nouveau-la-couleur-blanche-pour-le-maillot-2026\/"},"modified":"2025-12-11T18:07:49","modified_gmt":"2025-12-11T17:07:49","slug":"movistar-a-nouveau-la-couleur-blanche-pour-le-maillot-2026","status":"publish","type":"post","link":"https:\/\/cyclingpro.net\/velopro\/autre\/movistar-a-nouveau-la-couleur-blanche-pour-le-maillot-2026\/","title":{"rendered":"Movistar, \u00e0 nouveau la couleur blanche pour le maillot 2026"},"content":{"rendered":"<p>La <strong>Movistar<\/strong> reste en blanc pour la saison 2026. La formation espagnole du WorldTour a rendu public le maillot qui sera port\u00e9 par ses coureurs, hommes et femmes, lors de la saison \u00e0 venir et qui est assez similaire \u00e0 celui de la saison derni\u00e8re. Produit par <strong>Gobik<\/strong>, l&rsquo;uniforme des \u00ab\u00a0t\u00e9l\u00e9phones\u00a0\u00bb sera principalement blanc, avec le logo du sponsor principal, qui cette fois est \u00ab\u00a0immerg\u00e9\u00a0\u00bb dans la partie blanche principale, et quelques r\u00e9f\u00e9rences graphiques qui seront bleues. L&rsquo;\u00e9quipe qualifie le nouvel uniforme d'\u00a0\u00bbinspir\u00e9 par une vision claire et futuriste\u00a0\u00bb.<\/p>\n<p>&#038;nbsp ;<\/p>\n","protected":false},"excerpt":{"rendered":"<p>La Movistar reste en blanc pour la saison 2026. La formation espagnole du WorldTour a rendu public le maillot qui sera port\u00e9 par ses coureurs, hommes et femmes, lors de la saison \u00e0 venir et qui est assez similaire \u00e0 celui de la saison derni\u00e8re. Produit par Gobik, l&rsquo;uniforme des \u00ab\u00a0t\u00e9l\u00e9phones\u00a0\u00bb sera principalement blanc, avec &hellip;<\/p>\n","protected":false},"author":20,"featured_media":163303,"comment_status":"open","ping_status":"open","sticky":false,"template":"","format":"standard","meta":{"footnotes":""},"categories":[3],"tags":[],"class_list":["post-163304","post","type-post","status-publish","format-standard","has-post-thumbnail","hentry","category-autre"],"_links":{"self":[{"href":"https:\/\/cyclingpro.net\/velopro\/wp-json\/wp\/v2\/posts\/163304","targetHints":{"allow":["GET"]}}],"collection":[{"href":"https:\/\/cyclingpro.net\/velopro\/wp-json\/wp\/v2\/posts"}],"about":[{"href":"https:\/\/cyclingpro.net\/velopro\/wp-json\/wp\/v2\/types\/post"}],"author":[{"embeddable":true,"href":"https:\/\/cyclingpro.net\/velopro\/wp-json\/wp\/v2\/users\/20"}],"replies":[{"embeddable":true,"href":"https:\/\/cyclingpro.net\/velopro\/wp-json\/wp\/v2\/comments?post=163304"}],"version-history":[{"count":0,"href":"https:\/\/cyclingpro.net\/velopro\/wp-json\/wp\/v2\/posts\/163304\/revisions"}],"wp:featuredmedia":[{"embeddable":true,"href":"https:\/\/cyclingpro.net\/velopro\/wp-json\/wp\/v2\/media\/163303"}],"wp:attachment":[{"href":"https:\/\/cyclingpro.net\/velopro\/wp-json\/wp\/v2\/media?parent=163304"}],"wp:term":[{"taxonomy":"category","embeddable":true,"href":"https:\/\/cyclingpro.net\/velopro\/wp-json\/wp\/v2\/categories?post=163304"},{"taxonomy":"post_tag","embeddable":true,"href":"https:\/\/cyclingpro.net\/velopro\/wp-json\/wp\/v2\/tags?post=163304"}],"curies":[{"name":"wp","href":"https:\/\/api.w.org\/{rel}","templated":true}]}}