{"id":163302,"date":"2025-12-11T17:48:35","date_gmt":"2025-12-11T16:48:35","guid":{"rendered":"https:\/\/cyclingpro.net\/velopro\/uncategorized\/cyclocross-la-decision-sur-linclusion-dans-le-programme-des-jeux-olympiques-est-reportee\/"},"modified":"2025-12-11T17:48:35","modified_gmt":"2025-12-11T16:48:35","slug":"cyclocross-la-decision-sur-linclusion-dans-le-programme-des-jeux-olympiques-est-reportee","status":"publish","type":"post","link":"https:\/\/cyclingpro.net\/velopro\/autre\/cyclocross-la-decision-sur-linclusion-dans-le-programme-des-jeux-olympiques-est-reportee\/","title":{"rendered":"Cyclocross, la d\u00e9cision sur l&rsquo;inclusion dans le programme des Jeux Olympiques est report\u00e9e"},"content":{"rendered":"<p>L&rsquo;entr\u00e9e du cyclo-cross au programme des Jeux olympiques d&rsquo;hiver se fait encore attendre. <a href=\"https:\/\/cyclingpro.net\/spaziociclismo\/altro\/ciclocross\/ciclocross-luci-insiste-per-linserimento-nei-giochi-olimpici-invernali-abbiamo-chiesto-a-pogacar-e-van-der-poel-di-darci-una-mano-nelle-trattative-con-il-cio\/\" target=\"_blank\" rel=\"noopener\">Le sujet est br\u00fblant depuis quelques mois,<\/a> mais le <strong>Comit\u00e9 international olympique<\/strong> a en effet d\u00e9cid\u00e9 de reporter la discussion concernant la \u00ab\u00a0candidature\u00a0\u00bb de la discipline du cyclisme d&rsquo;hiver. Ces jours-ci, en effet, s&rsquo;est r\u00e9uni le Comit\u00e9 Ex\u00e9cutif de l&rsquo;organisme sportif international, qui aurait d\u00fb traiter cette question parmi les diff\u00e9rents sujets \u00e0 l&rsquo;ordre du jour, \u00e9galement en pr\u00e9paration d&rsquo;une discussion plus large, pr\u00e9vue alors pour la session pl\u00e9ni\u00e8re de f\u00e9vrier, qui co\u00efncidera avec les <strong>Jeux de Milan Cortina 2026<\/strong>.<\/p>\n<p>Au lieu de cela, le calendrier s&rsquo;allonge, puisque le CIO a annonc\u00e9 que le \u00ab\u00a0<strong>programme des disciplines et des \u00e9ventuels sports additionnels \u00e0 inclure dans les Jeux Olympiques des Alpes Fran\u00e7aises 2030 sera discut\u00e9 au cours du mois de juin prochain<\/strong>\u00ab\u00a0. L&rsquo;Union Cycliste Internationale, qui milite pour l&rsquo;ajout du cyclo-cross au programme olympique, et World Athletics, qui vise plut\u00f4t la certification des cinq cercles de la course de fond, devront donc attendre encore six mois avant de savoir si leurs tentatives seront couronn\u00e9es de succ\u00e8s.<\/p>\n","protected":false},"excerpt":{"rendered":"<p>L&rsquo;entr\u00e9e du cyclo-cross au programme des Jeux olympiques d&rsquo;hiver se fait encore attendre. Le sujet est br\u00fblant depuis quelques mois, mais le Comit\u00e9 international olympique a en effet d\u00e9cid\u00e9 de reporter la discussion concernant la \u00ab\u00a0candidature\u00a0\u00bb de la discipline du cyclisme d&rsquo;hiver. Ces jours-ci, en effet, s&rsquo;est r\u00e9uni le Comit\u00e9 Ex\u00e9cutif de l&rsquo;organisme sportif international, &hellip;<\/p>\n","protected":false},"author":20,"featured_media":163301,"comment_status":"open","ping_status":"open","sticky":false,"template":"","format":"standard","meta":{"footnotes":""},"categories":[3],"tags":[],"class_list":["post-163302","post","type-post","status-publish","format-standard","has-post-thumbnail","hentry","category-autre"],"_links":{"self":[{"href":"https:\/\/cyclingpro.net\/velopro\/wp-json\/wp\/v2\/posts\/163302","targetHints":{"allow":["GET"]}}],"collection":[{"href":"https:\/\/cyclingpro.net\/velopro\/wp-json\/wp\/v2\/posts"}],"about":[{"href":"https:\/\/cyclingpro.net\/velopro\/wp-json\/wp\/v2\/types\/post"}],"author":[{"embeddable":true,"href":"https:\/\/cyclingpro.net\/velopro\/wp-json\/wp\/v2\/users\/20"}],"replies":[{"embeddable":true,"href":"https:\/\/cyclingpro.net\/velopro\/wp-json\/wp\/v2\/comments?post=163302"}],"version-history":[{"count":0,"href":"https:\/\/cyclingpro.net\/velopro\/wp-json\/wp\/v2\/posts\/163302\/revisions"}],"wp:featuredmedia":[{"embeddable":true,"href":"https:\/\/cyclingpro.net\/velopro\/wp-json\/wp\/v2\/media\/163301"}],"wp:attachment":[{"href":"https:\/\/cyclingpro.net\/velopro\/wp-json\/wp\/v2\/media?parent=163302"}],"wp:term":[{"taxonomy":"category","embeddable":true,"href":"https:\/\/cyclingpro.net\/velopro\/wp-json\/wp\/v2\/categories?post=163302"},{"taxonomy":"post_tag","embeddable":true,"href":"https:\/\/cyclingpro.net\/velopro\/wp-json\/wp\/v2\/tags?post=163302"}],"curies":[{"name":"wp","href":"https:\/\/api.w.org\/{rel}","templated":true}]}}